{"id":1814,"date":"2018-04-05T13:42:02","date_gmt":"2018-04-05T11:42:02","guid":{"rendered":"http:\/\/www.vfl-grafenwald.de\/?p=1814"},"modified":"2018-07-08T20:17:41","modified_gmt":"2018-07-08T18:17:41","slug":"woeller-fussballcamp-xii-anmeldeformulare-online","status":"publish","type":"post","link":"https:\/\/www.vfl-grafenwald.de\/?p=1814","title":{"rendered":"W\u00f6ller Fu\u00dfballcamp XII: Es sind noch Pl\u00e4tze frei!"},"content":{"rendered":"<p>Hallo, liebe Nachwuchs-Fu\u00dfballerinnen und -Fu\u00dfballer!<\/p>\n<p>In den Sommerferien findet wieder das W\u00f6ller Fu\u00dfballcamp im Waldstadion am Sensenfeld statt. Es sind noch einige Pl\u00e4tze frei. <strong>Wer mitmachen m\u00f6chte, ist herzlich willkommen &#8211; eine Mitgliedschaft beim VfL Grafenwald ist KEINE Voraussetzung. Nur der Spa\u00df am Fu\u00dfball z\u00e4hlt f\u00fcr uns.<\/strong><\/p>\n<p>Das Camp beginnt am Dienstag, 21. August, und endet am Samstag, 25. August 2018.<\/p>\n<p>Von Dienstag bis Freitag sind die Trainingszeiten morgens von 10 bis 12 Uhr und nachmittags von 14 bis 16 Uhr. Am Samstag werden wir das W\u00f6ller Fu\u00dfballabzeichen abnehmen. Zum Abschluss findet ein Turnier statt, dort spielen die Trainer gegen alle Trainingsgruppen.<\/p>\n<p>Zum Training m\u00fcsst ihr euer Sportzeug, eine Wechselgarnitur, Regenjacke, Duschzeug und Hausschuhe f\u00fcr die Mittagspause mitbringen.<\/p>\n<p>Auch eure Gro\u00dfeltern, Eltern, Freunde und Bekannte sind eingeladen, sich das sportliche Treiben auf dem Sportplatz anzusehen. F\u00fcr ausreichend Verpflegung sorgt das Team der Jugendabteilung.<\/p>\n<p>Den Teilnahmebeitrag, bitte in einem Umschlag, der mit eurem Namen versehen ist, bis zu den Sommerferien bei den VfL-Trainern oder bei Uli Spickenbaum (Ottenschlag 51a, 46244 Bottrop) abgeben. Weitere Fragen zum Fu\u00dfballcamp beantwortet euch Marc Ba\u00dfenhoff unter der Telefonnummer: 015122995091<\/p>\n<p>Die Unterlagen k\u00f6nnt ihr als <a href=\"http:\/\/www.vfl-grafenwald.de\/wp-content\/uploads\/2018\/04\/Anschreiben-Fu\u00dfballcamp-2018.docx\">Camp-Anmeldeformular docx<\/a>&#8211; bzw. <a href=\"http:\/\/www.vfl-grafenwald.de\/wp-content\/uploads\/2018\/04\/Anschreiben-Fu\u00dfballcamp-2018.pdf\">Camp-Anmeldeformular PDF<\/a> downloaden.<\/p>\n<p>Viel Spa\u00df beim Fu\u00dfballcamp w\u00fcnscht euch schon jetzt der Vorstand der Fu\u00dfballjugend des VfL Grafenwald.<\/p>\n","protected":false},"excerpt":{"rendered":"<p>Hallo, liebe Nachwuchs-Fu\u00dfballerinnen und -Fu\u00dfballer! In den Sommerferien findet wieder das W\u00f6ller Fu\u00dfballcamp im Waldstadion am Sensenfeld statt. Es sind noch einige Pl\u00e4tze frei. Wer mitmachen m\u00f6chte, ist herzlich willkommen &#8211; eine Mitgliedschaft beim VfL Grafenwald ist KEINE Voraussetzung. Nur &hellip; <a href=\"https:\/\/www.vfl-grafenwald.de\/?p=1814\">Weiterlesen <span class=\"meta-nav\">&rarr;<\/span><\/a><\/p>\n","protected":false},"author":4,"featured_media":0,"comment_status":"closed","ping_status":"closed","sticky":false,"template":"","format":"standard","meta":{"footnotes":""},"categories":[4,1],"tags":[],"class_list":["post-1814","post","type-post","status-publish","format-standard","hentry","category-fussball","category-verein"],"_links":{"self":[{"href":"https:\/\/www.vfl-grafenwald.de\/index.php?rest_route=\/wp\/v2\/posts\/1814","targetHints":{"allow":["GET"]}}],"collection":[{"href":"https:\/\/www.vfl-grafenwald.de\/index.php?rest_route=\/wp\/v2\/posts"}],"about":[{"href":"https:\/\/www.vfl-grafenwald.de\/index.php?rest_route=\/wp\/v2\/types\/post"}],"author":[{"embeddable":true,"href":"https:\/\/www.vfl-grafenwald.de\/index.php?rest_route=\/wp\/v2\/users\/4"}],"replies":[{"embeddable":true,"href":"https:\/\/www.vfl-grafenwald.de\/index.php?rest_route=%2Fwp%2Fv2%2Fcomments&post=1814"}],"version-history":[{"count":5,"href":"https:\/\/www.vfl-grafenwald.de\/index.php?rest_route=\/wp\/v2\/posts\/1814\/revisions"}],"predecessor-version":[{"id":1865,"href":"https:\/\/www.vfl-grafenwald.de\/index.php?rest_route=\/wp\/v2\/posts\/1814\/revisions\/1865"}],"wp:attachment":[{"href":"https:\/\/www.vfl-grafenwald.de\/index.php?rest_route=%2Fwp%2Fv2%2Fmedia&parent=1814"}],"wp:term":[{"taxonomy":"category","embeddable":true,"href":"https:\/\/www.vfl-grafenwald.de\/index.php?rest_route=%2Fwp%2Fv2%2Fcategories&post=1814"},{"taxonomy":"post_tag","embeddable":true,"href":"https:\/\/www.vfl-grafenwald.de\/index.php?rest_route=%2Fwp%2Fv2%2Ftags&post=1814"}],"curies":[{"name":"wp","href":"https:\/\/api.w.org\/{rel}","templated":true}]}}