{"id":1781,"date":"2018-03-17T12:52:22","date_gmt":"2018-03-17T11:52:22","guid":{"rendered":"http:\/\/www.vfl-grafenwald.de\/?p=1781"},"modified":"2018-03-17T13:36:08","modified_gmt":"2018-03-17T12:36:08","slug":"die-abteilung-fussball-hat-gewaehlt","status":"publish","type":"post","link":"https:\/\/www.vfl-grafenwald.de\/?p=1781","title":{"rendered":"Die Abteilung Fu\u00dfball hat gew\u00e4hlt"},"content":{"rendered":"<p>Die Vollversammlung der Abteilung Fu\u00dfball am Freitagabend stie\u00df auf gro\u00dfes Interesse. Das bisherige Vorstandsteam wurde entlastet. Der Pr\u00e4sident des Gesamtvereins, Dr. Peter Scheidgen, bedankte sich im Namen der Abteilung und des Vereins f\u00fcr die in den vergangenen Jahren geleistete Arbeit.<\/p>\n<p>Die Versammlung sprach sich bei den Neuwahlen erneut f\u00fcr Uwe Bromkamp als Vorsitzenden der Fu\u00dfballabteilung aus. Als Stellvertreterin wurde Laura Lanfermann gew\u00e4hlt. Bernd Sievers und Steffen Drews zeichnen f\u00fcr die Gesch\u00e4ftsf\u00fchrung verantwortlich; neuer Kassierer ist Florian Overbeck.<\/p>\n<p><a href=\"http:\/\/www.vfl-grafenwald.de\/wp-content\/uploads\/2018\/03\/Neuer-Vorstand.jpg\"><img loading=\"lazy\" decoding=\"async\" src=\"http:\/\/www.vfl-grafenwald.de\/wp-content\/uploads\/2018\/03\/Neuer-Vorstand-300x255.jpg\" alt=\"\" width=\"300\" height=\"255\" class=\"alignnone size-medium wp-image-1787\" srcset=\"https:\/\/www.vfl-grafenwald.de\/wp-content\/uploads\/2018\/03\/Neuer-Vorstand-300x255.jpg 300w, https:\/\/www.vfl-grafenwald.de\/wp-content\/uploads\/2018\/03\/Neuer-Vorstand-768x654.jpg 768w, https:\/\/www.vfl-grafenwald.de\/wp-content\/uploads\/2018\/03\/Neuer-Vorstand-1024x872.jpg 1024w, https:\/\/www.vfl-grafenwald.de\/wp-content\/uploads\/2018\/03\/Neuer-Vorstand-352x300.jpg 352w, https:\/\/www.vfl-grafenwald.de\/wp-content\/uploads\/2018\/03\/Neuer-Vorstand.jpg 1817w\" sizes=\"auto, (max-width: 300px) 100vw, 300px\" \/><\/a><br \/>\nvon links nach rechts: Bernd Sievers, Uwe Bromkamp, Laura Lanfermann, Steffen Drews und Florian Overbeck<\/p>\n<p><a href=\"http:\/\/www.vfl-grafenwald.de\/wp-content\/uploads\/2018\/03\/Alter-Vorstand.jpg\"><img loading=\"lazy\" decoding=\"async\" src=\"http:\/\/www.vfl-grafenwald.de\/wp-content\/uploads\/2018\/03\/Alter-Vorstand-300x141.jpg\" alt=\"\" width=\"300\" height=\"141\" class=\"alignnone size-medium wp-image-1788\" srcset=\"https:\/\/www.vfl-grafenwald.de\/wp-content\/uploads\/2018\/03\/Alter-Vorstand-300x141.jpg 300w, https:\/\/www.vfl-grafenwald.de\/wp-content\/uploads\/2018\/03\/Alter-Vorstand-768x361.jpg 768w, https:\/\/www.vfl-grafenwald.de\/wp-content\/uploads\/2018\/03\/Alter-Vorstand-1024x482.jpg 1024w, https:\/\/www.vfl-grafenwald.de\/wp-content\/uploads\/2018\/03\/Alter-Vorstand-500x235.jpg 500w\" sizes=\"auto, (max-width: 300px) 100vw, 300px\" \/><\/a><br \/>\nUwe Bromkamp bedankte sich bei Bernhard Johnigk, Norbert Wolff, Dirk Schl\u00fcsener (nicht anwesend), Carina Auth, Werner Surmann und Peter Brdoch (nicht anwesend) f\u00fcr ihre Mitarbeit.<\/p>\n<p><a href=\"http:\/\/www.vfl-grafenwald.de\/wp-content\/uploads\/2018\/03\/Hilde-und-Birgitt.jpg\"><img loading=\"lazy\" decoding=\"async\" src=\"http:\/\/www.vfl-grafenwald.de\/wp-content\/uploads\/2018\/03\/Hilde-und-Birgitt-300x284.jpg\" alt=\"\" width=\"300\" height=\"284\" class=\"alignnone size-medium wp-image-1790\" srcset=\"https:\/\/www.vfl-grafenwald.de\/wp-content\/uploads\/2018\/03\/Hilde-und-Birgitt-300x284.jpg 300w, https:\/\/www.vfl-grafenwald.de\/wp-content\/uploads\/2018\/03\/Hilde-und-Birgitt-768x728.jpg 768w, https:\/\/www.vfl-grafenwald.de\/wp-content\/uploads\/2018\/03\/Hilde-und-Birgitt-1024x971.jpg 1024w, https:\/\/www.vfl-grafenwald.de\/wp-content\/uploads\/2018\/03\/Hilde-und-Birgitt-316x300.jpg 316w, https:\/\/www.vfl-grafenwald.de\/wp-content\/uploads\/2018\/03\/Hilde-und-Birgitt.jpg 1701w\" sizes=\"auto, (max-width: 300px) 100vw, 300px\" \/><\/a><br \/>\nUwe Bromkamp ehrt Hilde Wolff (Mitte) und Birgitt Schuknecht f\u00fcr 25 Jahre Mitgliedschaft; Markus Brinkert und Michael Schlautmann konnten an der Versammlung nicht teilnehmen.<\/p>\n","protected":false},"excerpt":{"rendered":"<p>Die Vollversammlung der Abteilung Fu\u00dfball am Freitagabend stie\u00df auf gro\u00dfes Interesse. Das bisherige Vorstandsteam wurde entlastet. Der Pr\u00e4sident des Gesamtvereins, Dr. Peter Scheidgen, bedankte sich im Namen der Abteilung und des Vereins f\u00fcr die in den vergangenen Jahren geleistete Arbeit. &hellip; <a href=\"https:\/\/www.vfl-grafenwald.de\/?p=1781\">Weiterlesen <span class=\"meta-nav\">&rarr;<\/span><\/a><\/p>\n","protected":false},"author":4,"featured_media":0,"comment_status":"closed","ping_status":"closed","sticky":false,"template":"","format":"standard","meta":{"footnotes":""},"categories":[4,1],"tags":[],"class_list":["post-1781","post","type-post","status-publish","format-standard","hentry","category-fussball","category-verein"],"_links":{"self":[{"href":"https:\/\/www.vfl-grafenwald.de\/index.php?rest_route=\/wp\/v2\/posts\/1781","targetHints":{"allow":["GET"]}}],"collection":[{"href":"https:\/\/www.vfl-grafenwald.de\/index.php?rest_route=\/wp\/v2\/posts"}],"about":[{"href":"https:\/\/www.vfl-grafenwald.de\/index.php?rest_route=\/wp\/v2\/types\/post"}],"author":[{"embeddable":true,"href":"https:\/\/www.vfl-grafenwald.de\/index.php?rest_route=\/wp\/v2\/users\/4"}],"replies":[{"embeddable":true,"href":"https:\/\/www.vfl-grafenwald.de\/index.php?rest_route=%2Fwp%2Fv2%2Fcomments&post=1781"}],"version-history":[{"count":7,"href":"https:\/\/www.vfl-grafenwald.de\/index.php?rest_route=\/wp\/v2\/posts\/1781\/revisions"}],"predecessor-version":[{"id":1798,"href":"https:\/\/www.vfl-grafenwald.de\/index.php?rest_route=\/wp\/v2\/posts\/1781\/revisions\/1798"}],"wp:attachment":[{"href":"https:\/\/www.vfl-grafenwald.de\/index.php?rest_route=%2Fwp%2Fv2%2Fmedia&parent=1781"}],"wp:term":[{"taxonomy":"category","embeddable":true,"href":"https:\/\/www.vfl-grafenwald.de\/index.php?rest_route=%2Fwp%2Fv2%2Fcategories&post=1781"},{"taxonomy":"post_tag","embeddable":true,"href":"https:\/\/www.vfl-grafenwald.de\/index.php?rest_route=%2Fwp%2Fv2%2Ftags&post=1781"}],"curies":[{"name":"wp","href":"https:\/\/api.w.org\/{rel}","templated":true}]}}