{"id":1768,"date":"2018-03-03T10:58:12","date_gmt":"2018-03-03T09:58:12","guid":{"rendered":"http:\/\/www.vfl-grafenwald.de\/?p=1768"},"modified":"2018-03-04T14:18:01","modified_gmt":"2018-03-04T13:18:01","slug":"jugendtag-2018-die-fussballjugend-hat-gewaehlt","status":"publish","type":"post","link":"https:\/\/www.vfl-grafenwald.de\/?p=1768","title":{"rendered":"Jugendtag 2018: Die Fu\u00dfballjugend hat gew\u00e4hlt"},"content":{"rendered":"<p>Am Freitag, 2. M\u00e4rz, hat die Fu\u00dfballjugend des VfL Grafenwald ihren neuen Vorstand (Jugendausschuss) gew\u00e4hlt. Nach den Jahresberichten und dem Bericht der Kassenpr\u00fcfer wurde dem Antrag auf Entlastung einstimmig zugestimmt. Auch die Wahl des neuen Jugendausschusses lief einstimmig ab.<\/p>\n<p>Jugendleiterin: Birgitt Schuknecht<br \/>\nStellvertreter: Michael Schlautmann<\/p>\n<p>Kassiererin: Christiane Frese<\/p>\n<p>Fachsportwart: Norbert Mo\u00df<br \/>\nStellvertreterin: Nadine Rosrodowski<\/p>\n<p>Mitarbeiter (Internet): Klaus Sievers<br \/>\nMitarbeiterin (Catering): Nicole Bernhart<\/p>\n<p>Jugendsprecher\/innen (auch Jugenddelegierte)<br \/>\nCarmen Alfes<br \/>\nAnnika Hasebrink<br \/>\nTobias Knipping<br \/>\nElias Schlautmann<\/p>\n<p>Jugenddelegierte<br \/>\nMarius Brinkhaus<br \/>\nPascal Brinkhaus<br \/>\nPhilipp Cordeiro<\/p>\n<p>Kassenpr\u00fcfer<br \/>\nRainer Brinkhaus<br \/>\nLudger Lanfermann<\/p>\n<p>Wir bedanken uns bei Pauline Fockenberg und Joel Meis f\u00fcr ihre T\u00e4tigkeit als Jugendsprecher und w\u00fcnschen ihnen viel Erfolg in der Seniorenabteilung, in die sie in ein paar Monaten wechseln werden. Unser Dank gilt auch Uli Spickenbaum, der sich zwar nicht wieder zur Wahl stellte, aber uns weiterhin helfend zur Seite stehen wird.<\/p>\n","protected":false},"excerpt":{"rendered":"<p>Am Freitag, 2. M\u00e4rz, hat die Fu\u00dfballjugend des VfL Grafenwald ihren neuen Vorstand (Jugendausschuss) gew\u00e4hlt. Nach den Jahresberichten und dem Bericht der Kassenpr\u00fcfer wurde dem Antrag auf Entlastung einstimmig zugestimmt. Auch die Wahl des neuen Jugendausschusses lief einstimmig ab. Jugendleiterin: &hellip; <a href=\"https:\/\/www.vfl-grafenwald.de\/?p=1768\">Weiterlesen <span class=\"meta-nav\">&rarr;<\/span><\/a><\/p>\n","protected":false},"author":4,"featured_media":0,"comment_status":"closed","ping_status":"closed","sticky":false,"template":"","format":"standard","meta":{"footnotes":""},"categories":[4,1],"tags":[],"class_list":["post-1768","post","type-post","status-publish","format-standard","hentry","category-fussball","category-verein"],"_links":{"self":[{"href":"https:\/\/www.vfl-grafenwald.de\/index.php?rest_route=\/wp\/v2\/posts\/1768","targetHints":{"allow":["GET"]}}],"collection":[{"href":"https:\/\/www.vfl-grafenwald.de\/index.php?rest_route=\/wp\/v2\/posts"}],"about":[{"href":"https:\/\/www.vfl-grafenwald.de\/index.php?rest_route=\/wp\/v2\/types\/post"}],"author":[{"embeddable":true,"href":"https:\/\/www.vfl-grafenwald.de\/index.php?rest_route=\/wp\/v2\/users\/4"}],"replies":[{"embeddable":true,"href":"https:\/\/www.vfl-grafenwald.de\/index.php?rest_route=%2Fwp%2Fv2%2Fcomments&post=1768"}],"version-history":[{"count":4,"href":"https:\/\/www.vfl-grafenwald.de\/index.php?rest_route=\/wp\/v2\/posts\/1768\/revisions"}],"predecessor-version":[{"id":1772,"href":"https:\/\/www.vfl-grafenwald.de\/index.php?rest_route=\/wp\/v2\/posts\/1768\/revisions\/1772"}],"wp:attachment":[{"href":"https:\/\/www.vfl-grafenwald.de\/index.php?rest_route=%2Fwp%2Fv2%2Fmedia&parent=1768"}],"wp:term":[{"taxonomy":"category","embeddable":true,"href":"https:\/\/www.vfl-grafenwald.de\/index.php?rest_route=%2Fwp%2Fv2%2Fcategories&post=1768"},{"taxonomy":"post_tag","embeddable":true,"href":"https:\/\/www.vfl-grafenwald.de\/index.php?rest_route=%2Fwp%2Fv2%2Ftags&post=1768"}],"curies":[{"name":"wp","href":"https:\/\/api.w.org\/{rel}","templated":true}]}}