{"id":1760,"date":"2018-02-17T09:55:40","date_gmt":"2018-02-17T08:55:40","guid":{"rendered":"http:\/\/www.vfl-grafenwald.de\/?p=1760"},"modified":"2018-03-17T12:23:45","modified_gmt":"2018-03-17T11:23:45","slug":"abteilung-fussball-vollversammlung-am-16-maerz-2018","status":"publish","type":"post","link":"https:\/\/www.vfl-grafenwald.de\/?p=1760","title":{"rendered":"Abteilung Fu\u00dfball: Vollversammlung am 16. M\u00e4rz 2018"},"content":{"rendered":"<p>Am 16. M\u00e4rz findet die Vollversammlung der Abteilung Fu\u00dfball statt. Sie beginnt um 19.30 Uhr im Jugend- und Vereinsheim des VfL. Auf der <a href=\"http:\/\/www.vfl-grafenwald.de\/wp-content\/uploads\/2018\/02\/Einladung-Plakat_AV_2018.pdf\">Tagesordnung<\/a> stehen neben den Jahresberichten die Neuwahlen f\u00fcr den Abteilungsvorstand.<\/p>\n<p>In der Versammlung sind alle Abteilungsmitglieder ab vollendetem 14. Lebensjahr stimmberechtigt. Das Stimmrecht von Mitgliedern unter 14 Jahren kann auf entsprechenden Antrag von einem gesetzlichen Vertreter wahrgenommen werden.<\/p>\n","protected":false},"excerpt":{"rendered":"<p>Am 16. M\u00e4rz findet die Vollversammlung der Abteilung Fu\u00dfball statt. Sie beginnt um 19.30 Uhr im Jugend- und Vereinsheim des VfL. Auf der Tagesordnung stehen neben den Jahresberichten die Neuwahlen f\u00fcr den Abteilungsvorstand. In der Versammlung sind alle Abteilungsmitglieder ab &hellip; <a href=\"https:\/\/www.vfl-grafenwald.de\/?p=1760\">Weiterlesen <span class=\"meta-nav\">&rarr;<\/span><\/a><\/p>\n","protected":false},"author":4,"featured_media":0,"comment_status":"closed","ping_status":"closed","sticky":false,"template":"","format":"standard","meta":{"footnotes":""},"categories":[4,1],"tags":[],"class_list":["post-1760","post","type-post","status-publish","format-standard","hentry","category-fussball","category-verein"],"_links":{"self":[{"href":"https:\/\/www.vfl-grafenwald.de\/index.php?rest_route=\/wp\/v2\/posts\/1760","targetHints":{"allow":["GET"]}}],"collection":[{"href":"https:\/\/www.vfl-grafenwald.de\/index.php?rest_route=\/wp\/v2\/posts"}],"about":[{"href":"https:\/\/www.vfl-grafenwald.de\/index.php?rest_route=\/wp\/v2\/types\/post"}],"author":[{"embeddable":true,"href":"https:\/\/www.vfl-grafenwald.de\/index.php?rest_route=\/wp\/v2\/users\/4"}],"replies":[{"embeddable":true,"href":"https:\/\/www.vfl-grafenwald.de\/index.php?rest_route=%2Fwp%2Fv2%2Fcomments&post=1760"}],"version-history":[{"count":2,"href":"https:\/\/www.vfl-grafenwald.de\/index.php?rest_route=\/wp\/v2\/posts\/1760\/revisions"}],"predecessor-version":[{"id":1763,"href":"https:\/\/www.vfl-grafenwald.de\/index.php?rest_route=\/wp\/v2\/posts\/1760\/revisions\/1763"}],"wp:attachment":[{"href":"https:\/\/www.vfl-grafenwald.de\/index.php?rest_route=%2Fwp%2Fv2%2Fmedia&parent=1760"}],"wp:term":[{"taxonomy":"category","embeddable":true,"href":"https:\/\/www.vfl-grafenwald.de\/index.php?rest_route=%2Fwp%2Fv2%2Fcategories&post=1760"},{"taxonomy":"post_tag","embeddable":true,"href":"https:\/\/www.vfl-grafenwald.de\/index.php?rest_route=%2Fwp%2Fv2%2Ftags&post=1760"}],"curies":[{"name":"wp","href":"https:\/\/api.w.org\/{rel}","templated":true}]}}