{"id":1749,"date":"2018-02-09T12:20:33","date_gmt":"2018-02-09T11:20:33","guid":{"rendered":"http:\/\/www.vfl-grafenwald.de\/?p=1749"},"modified":"2018-03-03T10:35:05","modified_gmt":"2018-03-03T09:35:05","slug":"jugendtag-der-abteilung-fussball-2-maerz-2018","status":"publish","type":"post","link":"https:\/\/www.vfl-grafenwald.de\/?p=1749","title":{"rendered":"Jugendtag der Abteilung Fu\u00dfball: 2. M\u00e4rz 2018 &#8211; ge\u00e4nderte Anfangszeit"},"content":{"rendered":"<p>Am 2. M\u00e4rz 2018 l\u00e4dt der Jugendausschuss des VfL Grafenwald zur Vollversammlung der Abteilung Fu\u00dfball ein (<a href=\"http:\/\/www.vfl-grafenwald.de\/wp-content\/uploads\/2018\/02\/2018-02-07-Einladung-Jugendtag-M\u00e4rz-02-1730.pdf\">Einladung Jugendtag 2018<\/a>). Die Versammlung findet im Jugend- und Vereinsheim des VfL statt, Beginn ist um <b>17.30 Uhr<\/b>. Auf der Tagesordnung stehen neben den Jahresberichten die Neuwahlen des Jugendausschusses.<\/p>\n<p>* Wahlberechtigt sind Jugendliche ab dem vollendeten 12. Lebensjahr.<br \/>\n* J\u00fcngere Jugendliche k\u00f6nnen durch einen Erziehungsberechtigten vertreten werden.<br \/>\n* W\u00e4hlbar sind Jugendliche ab dem vollendeten 14. Lebensjahr.<\/p>\n","protected":false},"excerpt":{"rendered":"<p>Am 2. M\u00e4rz 2018 l\u00e4dt der Jugendausschuss des VfL Grafenwald zur Vollversammlung der Abteilung Fu\u00dfball ein (Einladung Jugendtag 2018). Die Versammlung findet im Jugend- und Vereinsheim des VfL statt, Beginn ist um 17.30 Uhr. Auf der Tagesordnung stehen neben den &hellip; <a href=\"https:\/\/www.vfl-grafenwald.de\/?p=1749\">Weiterlesen <span class=\"meta-nav\">&rarr;<\/span><\/a><\/p>\n","protected":false},"author":4,"featured_media":0,"comment_status":"closed","ping_status":"closed","sticky":false,"template":"","format":"standard","meta":{"footnotes":""},"categories":[4,1],"tags":[],"class_list":["post-1749","post","type-post","status-publish","format-standard","hentry","category-fussball","category-verein"],"_links":{"self":[{"href":"https:\/\/www.vfl-grafenwald.de\/index.php?rest_route=\/wp\/v2\/posts\/1749","targetHints":{"allow":["GET"]}}],"collection":[{"href":"https:\/\/www.vfl-grafenwald.de\/index.php?rest_route=\/wp\/v2\/posts"}],"about":[{"href":"https:\/\/www.vfl-grafenwald.de\/index.php?rest_route=\/wp\/v2\/types\/post"}],"author":[{"embeddable":true,"href":"https:\/\/www.vfl-grafenwald.de\/index.php?rest_route=\/wp\/v2\/users\/4"}],"replies":[{"embeddable":true,"href":"https:\/\/www.vfl-grafenwald.de\/index.php?rest_route=%2Fwp%2Fv2%2Fcomments&post=1749"}],"version-history":[{"count":5,"href":"https:\/\/www.vfl-grafenwald.de\/index.php?rest_route=\/wp\/v2\/posts\/1749\/revisions"}],"predecessor-version":[{"id":1757,"href":"https:\/\/www.vfl-grafenwald.de\/index.php?rest_route=\/wp\/v2\/posts\/1749\/revisions\/1757"}],"wp:attachment":[{"href":"https:\/\/www.vfl-grafenwald.de\/index.php?rest_route=%2Fwp%2Fv2%2Fmedia&parent=1749"}],"wp:term":[{"taxonomy":"category","embeddable":true,"href":"https:\/\/www.vfl-grafenwald.de\/index.php?rest_route=%2Fwp%2Fv2%2Fcategories&post=1749"},{"taxonomy":"post_tag","embeddable":true,"href":"https:\/\/www.vfl-grafenwald.de\/index.php?rest_route=%2Fwp%2Fv2%2Ftags&post=1749"}],"curies":[{"name":"wp","href":"https:\/\/api.w.org\/{rel}","templated":true}]}}