{"id":1737,"date":"2018-01-12T13:56:19","date_gmt":"2018-01-12T12:56:19","guid":{"rendered":"http:\/\/www.vfl-grafenwald.de\/?p=1737"},"modified":"2018-01-12T14:09:48","modified_gmt":"2018-01-12T13:09:48","slug":"vorbildliches-ehrenamt-beim-vfl-grafenwald","status":"publish","type":"post","link":"https:\/\/www.vfl-grafenwald.de\/?p=1737","title":{"rendered":"Vorbildliches Ehrenamt beim VfL Grafenwald"},"content":{"rendered":"<p>Es ist erst ein paar Monate her, dass Ulrich Spickenbaum f\u00fcr sein Engagement beim VfL Grafenwald vom Kreis 12 Gelsenkirchen \/ Gladbeck \/ Kirchhellen als auch vom Verband und vom DFB <a href=\"http:\/\/www.flvw-kreis-12.net\/ehrungen.html\" rel=\"noopener\" target=\"_blank\">ausgezeichnet<\/a> wurde. Als Kreissieger wurde er f\u00fcr den Club 100 nominiert und in diese illustre Runde aufgenommen. Zudem erhielt Marc Ba\u00dfenhoff eine Auszeichnung in der Kategorie &#8222;junges Ehrenamt&#8220;.<\/p>\n<p>Im Herbst 2017 schlug die Fu\u00dfballabteilung des VfL Grafenwald Norbert Mo\u00df und Til Johnigk in den beiden Ehrenamtskategorien vor. Im Dezember erhielt Norbert Mo\u00df f\u00fcr seine vielf\u00e4ltigen T\u00e4tigkeiten in Vorstand und im Traineramt eine <a href=\"http:\/\/www.flvw-kreis-12.net\/ehrungen.html\" rel=\"noopener\" target=\"_blank\">Einladung<\/a> zum Bundesligaspiel gegen Augsburg in die Veltins-Arena von Schalke 04. Dort wurde er mit den anderen Preistr\u00e4gern des Kreises geehrt.<\/p>\n<p>Kurz vor Weihnachten flatterte dann bei Til Johnigk eine fr\u00fche Bescherung per Post ins Haus. Unser F2-Trainer wurde vom Kreis zum <a href=\"http:\/\/www.fussball.de\/newsdetail\/junges-ehrenamt-254-fussballhelden-geehrt\/-\/article-id\/180389#!\/\" rel=\"noopener\" target=\"_blank\">Fu\u00dfballhelden<\/a> gek\u00fcrt. Mit der Auszeichnung ist eine f\u00fcnft\u00e4gige Bildungsreise nach Spanien verbunden.<\/p>\n<p>Wir gratulieren Norbert und Til sehr herzlich zu dieser Anerkennung.<\/p>\n<p>Auf diesem Wege bedanken wir uns nicht nur bei diesen beiden f\u00fcr ihr Engagement beim VfL Grafenwald. Unser Dank gilt allen unseren Trainern, Betreuern und Vorstandsmitarbeitern. Wir sch\u00e4tzen es sehr, wie ihr euch einbringt. Ehrenamt ist f\u00fcr uns keine Selbstverst\u00e4ndlichkeit.<\/p>\n","protected":false},"excerpt":{"rendered":"<p>Es ist erst ein paar Monate her, dass Ulrich Spickenbaum f\u00fcr sein Engagement beim VfL Grafenwald vom Kreis 12 Gelsenkirchen \/ Gladbeck \/ Kirchhellen als auch vom Verband und vom DFB ausgezeichnet wurde. Als Kreissieger wurde er f\u00fcr den Club &hellip; <a href=\"https:\/\/www.vfl-grafenwald.de\/?p=1737\">Weiterlesen <span class=\"meta-nav\">&rarr;<\/span><\/a><\/p>\n","protected":false},"author":4,"featured_media":0,"comment_status":"closed","ping_status":"closed","sticky":false,"template":"","format":"standard","meta":{"footnotes":""},"categories":[4,1],"tags":[],"class_list":["post-1737","post","type-post","status-publish","format-standard","hentry","category-fussball","category-verein"],"_links":{"self":[{"href":"https:\/\/www.vfl-grafenwald.de\/index.php?rest_route=\/wp\/v2\/posts\/1737","targetHints":{"allow":["GET"]}}],"collection":[{"href":"https:\/\/www.vfl-grafenwald.de\/index.php?rest_route=\/wp\/v2\/posts"}],"about":[{"href":"https:\/\/www.vfl-grafenwald.de\/index.php?rest_route=\/wp\/v2\/types\/post"}],"author":[{"embeddable":true,"href":"https:\/\/www.vfl-grafenwald.de\/index.php?rest_route=\/wp\/v2\/users\/4"}],"replies":[{"embeddable":true,"href":"https:\/\/www.vfl-grafenwald.de\/index.php?rest_route=%2Fwp%2Fv2%2Fcomments&post=1737"}],"version-history":[{"count":6,"href":"https:\/\/www.vfl-grafenwald.de\/index.php?rest_route=\/wp\/v2\/posts\/1737\/revisions"}],"predecessor-version":[{"id":1743,"href":"https:\/\/www.vfl-grafenwald.de\/index.php?rest_route=\/wp\/v2\/posts\/1737\/revisions\/1743"}],"wp:attachment":[{"href":"https:\/\/www.vfl-grafenwald.de\/index.php?rest_route=%2Fwp%2Fv2%2Fmedia&parent=1737"}],"wp:term":[{"taxonomy":"category","embeddable":true,"href":"https:\/\/www.vfl-grafenwald.de\/index.php?rest_route=%2Fwp%2Fv2%2Fcategories&post=1737"},{"taxonomy":"post_tag","embeddable":true,"href":"https:\/\/www.vfl-grafenwald.de\/index.php?rest_route=%2Fwp%2Fv2%2Ftags&post=1737"}],"curies":[{"name":"wp","href":"https:\/\/api.w.org\/{rel}","templated":true}]}}