{"id":1726,"date":"2017-11-29T22:53:00","date_gmt":"2017-11-29T21:53:00","guid":{"rendered":"http:\/\/www.vfl-grafenwald.de\/?p=1726"},"modified":"2017-12-03T23:26:03","modified_gmt":"2017-12-03T22:26:03","slug":"nachruf-zum-tod-von-willi-overbeck","status":"publish","type":"post","link":"https:\/\/www.vfl-grafenwald.de\/?p=1726","title":{"rendered":"Nachruf zum Tod von Willi Overbeck"},"content":{"rendered":"<p><strong>Zum Tod von Willi Overbeck<\/strong><\/p>\n<p>Seit der fr\u00fchen Jugend spielte Willi Overbeck \u00fcber viele Jahre als Torh\u00fcter beim VfL Grafenwald. Am vergangenen Samstag (25.11.2017) ist \u201eunser\u201c Willi pl\u00f6tzlich und unerwartet im Alter von 65 Jahren verstorben.<\/p>\n<p>Beginnend in der A-Jugend unter Trainer Lehrich gegen Ende der 60-er Jahre folgten viele erfolgreiche Jahre als Stamm-Torh\u00fcter des VfL Grafenwald in der Kreisliga. Die ersten 100 Pflichtspiele in der 1. Mannschaft absolvierte er in der Saison 1974\/75 und bereits in der Saison 1978\/79 erfolgte die Ehrung f\u00fcr 250 Pflichtspiele. Dem folgten weitere Ehrungen f\u00fcr 400 Pflichtspiele in der Saison 1982\/83 und 500 Pflichtspiele in der Saison 1985\/86. Danach spielte Willi weitere erfolgreiche Jahre f\u00fcr die Vereine Horst 59 und den SV Dorsten Hardt, bei dem er bis zuletzt seine sportliche Heimat hatte.<\/p>\n<p>Der VfL Grafenwald wird Willi Overbeck ein ehrendes Andenken bewahren. Er hat in all den Jahren viele junge Spieler gepr\u00e4gt, als Sportler und als Mensch. Seine Erfahrung und seine Vorbildfunktion haben den Verein und viele seiner sportlichen Begleiter durch all die Jahre gepr\u00e4gt.<\/p>\n<p>Der VfL Grafenwald wird Willi Overbeck niemals vergessen. Insbesondere denken wir in diesen schweren Zeiten an seine Familie und Freunde.<\/p>\n<p>F\u00fcr den VfL Grafenwald<\/p>\n<p>Dr. Peter Scheidgen<br \/>\nPr\u00e4sident<\/p>\n","protected":false},"excerpt":{"rendered":"<p>Zum Tod von Willi Overbeck Seit der fr\u00fchen Jugend spielte Willi Overbeck \u00fcber viele Jahre als Torh\u00fcter beim VfL Grafenwald. Am vergangenen Samstag (25.11.2017) ist \u201eunser\u201c Willi pl\u00f6tzlich und unerwartet im Alter von 65 Jahren verstorben. Beginnend in der A-Jugend &hellip; <a href=\"https:\/\/www.vfl-grafenwald.de\/?p=1726\">Weiterlesen <span class=\"meta-nav\">&rarr;<\/span><\/a><\/p>\n","protected":false},"author":1,"featured_media":0,"comment_status":"closed","ping_status":"closed","sticky":false,"template":"","format":"standard","meta":{"footnotes":""},"categories":[4,1],"tags":[62],"class_list":["post-1726","post","type-post","status-publish","format-standard","hentry","category-fussball","category-verein","tag-willi-overbeck"],"_links":{"self":[{"href":"https:\/\/www.vfl-grafenwald.de\/index.php?rest_route=\/wp\/v2\/posts\/1726","targetHints":{"allow":["GET"]}}],"collection":[{"href":"https:\/\/www.vfl-grafenwald.de\/index.php?rest_route=\/wp\/v2\/posts"}],"about":[{"href":"https:\/\/www.vfl-grafenwald.de\/index.php?rest_route=\/wp\/v2\/types\/post"}],"author":[{"embeddable":true,"href":"https:\/\/www.vfl-grafenwald.de\/index.php?rest_route=\/wp\/v2\/users\/1"}],"replies":[{"embeddable":true,"href":"https:\/\/www.vfl-grafenwald.de\/index.php?rest_route=%2Fwp%2Fv2%2Fcomments&post=1726"}],"version-history":[{"count":1,"href":"https:\/\/www.vfl-grafenwald.de\/index.php?rest_route=\/wp\/v2\/posts\/1726\/revisions"}],"predecessor-version":[{"id":1727,"href":"https:\/\/www.vfl-grafenwald.de\/index.php?rest_route=\/wp\/v2\/posts\/1726\/revisions\/1727"}],"wp:attachment":[{"href":"https:\/\/www.vfl-grafenwald.de\/index.php?rest_route=%2Fwp%2Fv2%2Fmedia&parent=1726"}],"wp:term":[{"taxonomy":"category","embeddable":true,"href":"https:\/\/www.vfl-grafenwald.de\/index.php?rest_route=%2Fwp%2Fv2%2Fcategories&post=1726"},{"taxonomy":"post_tag","embeddable":true,"href":"https:\/\/www.vfl-grafenwald.de\/index.php?rest_route=%2Fwp%2Fv2%2Ftags&post=1726"}],"curies":[{"name":"wp","href":"https:\/\/api.w.org\/{rel}","templated":true}]}}