{"id":1717,"date":"2017-11-21T14:10:17","date_gmt":"2017-11-21T13:10:17","guid":{"rendered":"http:\/\/www.vfl-grafenwald.de\/?p=1717"},"modified":"2017-11-21T14:10:28","modified_gmt":"2017-11-21T13:10:28","slug":"unsere-f1-jugend-gut-ausgestattet-fuer-alle-bedingungen","status":"publish","type":"post","link":"https:\/\/www.vfl-grafenwald.de\/?p=1717","title":{"rendered":"Unsere F1-Jugend: Gut ausgestattet f\u00fcr alle Bedingungen"},"content":{"rendered":"<p>Dank der gro\u00dfz\u00fcgigen Unterst\u00fctzung durch die <a href=\"http:\/\/www.ambrock.de\/de\/startseite.html\" rel=\"noopener\" target=\"_blank\">Ambrock GmbH<\/a>, Niederlassung Essen, erhielt unsere F1-Jugend Trikots\u00e4tze in wei\u00df-gr\u00fcn, sowohl in Kurz- und in Langarm.<\/p>\n<p>Der VfL Grafenwald bedankt sich sehr herzlich bei der Ambrock GmbH. Stellvertretend f\u00fcr die Firma steht die Familie Messerschmidt (im Bild rechts), die sich um die Anschaffung der Trikots gek\u00fcmmert hat. Auch ihr geb\u00fchrt unser Dank.<\/p>\n<p><a href=\"http:\/\/www.vfl-grafenwald.de\/wp-content\/uploads\/2017\/11\/6900.jpg\"><img loading=\"lazy\" decoding=\"async\" src=\"http:\/\/www.vfl-grafenwald.de\/wp-content\/uploads\/2017\/11\/6900-300x214.jpg\" alt=\"\" width=\"300\" height=\"214\" class=\"alignnone size-medium wp-image-1718\" srcset=\"https:\/\/www.vfl-grafenwald.de\/wp-content\/uploads\/2017\/11\/6900-300x214.jpg 300w, https:\/\/www.vfl-grafenwald.de\/wp-content\/uploads\/2017\/11\/6900-768x549.jpg 768w, https:\/\/www.vfl-grafenwald.de\/wp-content\/uploads\/2017\/11\/6900-1024x731.jpg 1024w, https:\/\/www.vfl-grafenwald.de\/wp-content\/uploads\/2017\/11\/6900-420x300.jpg 420w\" sizes=\"auto, (max-width: 300px) 100vw, 300px\" \/><\/a><\/p>\n<p>Unserer F1-Jugend w\u00fcnschen wir viele spannende Spiele in der neuen Ausstattung.<\/p>\n<p><a href=\"http:\/\/www.vfl-grafenwald.de\/wp-content\/uploads\/2017\/11\/6881.jpg\"><img loading=\"lazy\" decoding=\"async\" src=\"http:\/\/www.vfl-grafenwald.de\/wp-content\/uploads\/2017\/11\/6881-300x190.jpg\" alt=\"\" width=\"300\" height=\"190\" class=\"alignnone size-medium wp-image-1719\" srcset=\"https:\/\/www.vfl-grafenwald.de\/wp-content\/uploads\/2017\/11\/6881-300x190.jpg 300w, https:\/\/www.vfl-grafenwald.de\/wp-content\/uploads\/2017\/11\/6881-768x487.jpg 768w, https:\/\/www.vfl-grafenwald.de\/wp-content\/uploads\/2017\/11\/6881-1024x649.jpg 1024w, https:\/\/www.vfl-grafenwald.de\/wp-content\/uploads\/2017\/11\/6881-473x300.jpg 473w\" sizes=\"auto, (max-width: 300px) 100vw, 300px\" \/><\/a><\/p>\n","protected":false},"excerpt":{"rendered":"<p>Dank der gro\u00dfz\u00fcgigen Unterst\u00fctzung durch die Ambrock GmbH, Niederlassung Essen, erhielt unsere F1-Jugend Trikots\u00e4tze in wei\u00df-gr\u00fcn, sowohl in Kurz- und in Langarm. Der VfL Grafenwald bedankt sich sehr herzlich bei der Ambrock GmbH. Stellvertretend f\u00fcr die Firma steht die Familie &hellip; <a href=\"https:\/\/www.vfl-grafenwald.de\/?p=1717\">Weiterlesen <span class=\"meta-nav\">&rarr;<\/span><\/a><\/p>\n","protected":false},"author":4,"featured_media":0,"comment_status":"closed","ping_status":"closed","sticky":false,"template":"","format":"standard","meta":{"footnotes":""},"categories":[4],"tags":[22],"class_list":["post-1717","post","type-post","status-publish","format-standard","hentry","category-fussball","tag-jugend"],"_links":{"self":[{"href":"https:\/\/www.vfl-grafenwald.de\/index.php?rest_route=\/wp\/v2\/posts\/1717","targetHints":{"allow":["GET"]}}],"collection":[{"href":"https:\/\/www.vfl-grafenwald.de\/index.php?rest_route=\/wp\/v2\/posts"}],"about":[{"href":"https:\/\/www.vfl-grafenwald.de\/index.php?rest_route=\/wp\/v2\/types\/post"}],"author":[{"embeddable":true,"href":"https:\/\/www.vfl-grafenwald.de\/index.php?rest_route=\/wp\/v2\/users\/4"}],"replies":[{"embeddable":true,"href":"https:\/\/www.vfl-grafenwald.de\/index.php?rest_route=%2Fwp%2Fv2%2Fcomments&post=1717"}],"version-history":[{"count":1,"href":"https:\/\/www.vfl-grafenwald.de\/index.php?rest_route=\/wp\/v2\/posts\/1717\/revisions"}],"predecessor-version":[{"id":1720,"href":"https:\/\/www.vfl-grafenwald.de\/index.php?rest_route=\/wp\/v2\/posts\/1717\/revisions\/1720"}],"wp:attachment":[{"href":"https:\/\/www.vfl-grafenwald.de\/index.php?rest_route=%2Fwp%2Fv2%2Fmedia&parent=1717"}],"wp:term":[{"taxonomy":"category","embeddable":true,"href":"https:\/\/www.vfl-grafenwald.de\/index.php?rest_route=%2Fwp%2Fv2%2Fcategories&post=1717"},{"taxonomy":"post_tag","embeddable":true,"href":"https:\/\/www.vfl-grafenwald.de\/index.php?rest_route=%2Fwp%2Fv2%2Ftags&post=1717"}],"curies":[{"name":"wp","href":"https:\/\/api.w.org\/{rel}","templated":true}]}}