{"id":1688,"date":"2017-08-30T18:40:22","date_gmt":"2017-08-30T16:40:22","guid":{"rendered":"http:\/\/www.vfl-grafenwald.de\/?p=1688"},"modified":"2017-09-21T10:36:47","modified_gmt":"2017-09-21T08:36:47","slug":"vereinsehrung-im-woeller-fussballcamp","status":"publish","type":"post","link":"https:\/\/www.vfl-grafenwald.de\/?p=1688","title":{"rendered":"Vereinsehrung im W\u00f6ller Fu\u00dfballcamp"},"content":{"rendered":"<p>Am Samstag, 26. August, fand beim Abschlussfest des W\u00f6ller Fu\u00dfballcamps die Vereinsehrung von Ulrich Spickenbaum, Gewinner des DFB-Ehrenamtspreises im Kreis 12 und Club 100-Mitglied, statt. Die \u201eCamper\u201c jubelten und applaudierten, als Uli seine Urkunde entgegennahm. Und Ulrich Jeromin, Vorsitzender der Kommission Ehrenamt vom Fu\u00dfballverband Westfalen, staunte nicht schlecht, als der so Ausgezeichnete eine ganz besondere Einladung ausschlug: Uli zieht das Sch\u00fctzen- und Brezelfest am bevorstehenden Wochenende dem L\u00e4nderspiel in Stuttgart vor.<\/p>\n<p><a href=\"http:\/\/www.vfl-grafenwald.de\/wp-content\/uploads\/2017\/08\/2017-08-26-Ehrung-Spickenbaum.jpg\"><img loading=\"lazy\" decoding=\"async\" src=\"http:\/\/www.vfl-grafenwald.de\/wp-content\/uploads\/2017\/08\/2017-08-26-Ehrung-Spickenbaum-300x169.jpg\" alt=\"\" width=\"300\" height=\"169\" class=\"alignnone size-medium wp-image-1690\" srcset=\"https:\/\/www.vfl-grafenwald.de\/wp-content\/uploads\/2017\/08\/2017-08-26-Ehrung-Spickenbaum-300x169.jpg 300w, https:\/\/www.vfl-grafenwald.de\/wp-content\/uploads\/2017\/08\/2017-08-26-Ehrung-Spickenbaum-768x432.jpg 768w, https:\/\/www.vfl-grafenwald.de\/wp-content\/uploads\/2017\/08\/2017-08-26-Ehrung-Spickenbaum-1024x575.jpg 1024w, https:\/\/www.vfl-grafenwald.de\/wp-content\/uploads\/2017\/08\/2017-08-26-Ehrung-Spickenbaum-500x281.jpg 500w\" sizes=\"auto, (max-width: 300px) 100vw, 300px\" \/><\/a><\/p>\n<p> \u201eSo etwas habe ich in meiner Laufbahn als Verbandsfunktion\u00e4r noch nicht erlebt\u201c, sagte Ulrich Jeromin. Die Fu\u00dfballjugend des VfL Grafenwald freut sich indes \u00fcber das Vereinsgeschenk, zwei Minitore und ein Satz Fu\u00dfb\u00e4lle. Schon w\u00e4hrend der Laudatio testeten ein paar Vorwitzige Nachwuchskicker Tore und B\u00e4lle auf deren Tauglichkeit.<\/p>\n<p>\u201eOhne engagierte Helfer geht in den Vereinen gar nichts\u201c, machte sich Ernst Kastner f\u00fcr das Thema Ehrenamt stark. Der Ehrenamtsbeauftragte, der stellvertretende Kreisvorsitzende Volker Dyba und Friedhelm Ostrowski, zust\u00e4ndig f\u00fcr Qualifizierung und Vereinsentwicklung, \u00fcberbrachten die Gl\u00fcckw\u00fcnsche des Kreises. Dr. Peter Scheidgen, Vorsitzender des VfL Grafenwald, wertete den Preis als eine Auszeichnung f\u00fcr all die Helfer, die das Fu\u00dfballcamp seit zehn Jahren zu einem Erfolg machen.<\/p>\n<p>Uli Spickenbaum engagiert sich seit vielen Jahren ehrenamtlich beim VfL Grafenwald. \u00dcbungsleiter, Trainer, Vorstandsarbeit &#8211; in seinem Lebenslauf bei den W\u00f6llern standen und stehen viele Aufgaben. Aktuell ist er im Jugendvorstand der Abteilung Fu\u00dfball Ansprechpartner f\u00fcr die Ausstattung und \u201ezur besonderen Verwendung\u201c.<\/p>\n<p>2007 hob Uli mit seinen Mitstreitern, allen voran mit Ehefrau Margret, das W\u00f6ller Fu\u00dfballcamp aus der Taufe. Das Trainingslager entwickelte sich zu einer Marke des Clubs. In diesem Sommer fand es zum elften Mal statt, erstmals unter der Leitung von Ulis Nachfolger Marc Ba\u00dfenhoff. Rund 90 Kinder und Jugendliche erlebten bei hervorragenden Bedingungen und traumhaftem Campwetter eine Woche Fu\u00dfball satt.<\/p>\n<p><a href=\"https:\/\/onedrive.live.com\/?authkey=!AA97vLniqwaUL74&#038;id=6AEA70F90818842D!85234&#038;cid=6AEA70F90818842D\" target=\"_blank\">Galerie W\u00f6ller Fu\u00dfballcamp und Ehrung von Uli Spickenbaum<\/a><\/p>\n","protected":false},"excerpt":{"rendered":"<p>Am Samstag, 26. August, fand beim Abschlussfest des W\u00f6ller Fu\u00dfballcamps die Vereinsehrung von Ulrich Spickenbaum, Gewinner des DFB-Ehrenamtspreises im Kreis 12 und Club 100-Mitglied, statt. Die \u201eCamper\u201c jubelten und applaudierten, als Uli seine Urkunde entgegennahm. Und Ulrich Jeromin, Vorsitzender der &hellip; <a href=\"https:\/\/www.vfl-grafenwald.de\/?p=1688\">Weiterlesen <span class=\"meta-nav\">&rarr;<\/span><\/a><\/p>\n","protected":false},"author":4,"featured_media":0,"comment_status":"closed","ping_status":"closed","sticky":false,"template":"","format":"standard","meta":{"footnotes":""},"categories":[4,1],"tags":[22,27],"class_list":["post-1688","post","type-post","status-publish","format-standard","hentry","category-fussball","category-verein","tag-jugend","tag-woller-fusballcamp"],"_links":{"self":[{"href":"https:\/\/www.vfl-grafenwald.de\/index.php?rest_route=\/wp\/v2\/posts\/1688","targetHints":{"allow":["GET"]}}],"collection":[{"href":"https:\/\/www.vfl-grafenwald.de\/index.php?rest_route=\/wp\/v2\/posts"}],"about":[{"href":"https:\/\/www.vfl-grafenwald.de\/index.php?rest_route=\/wp\/v2\/types\/post"}],"author":[{"embeddable":true,"href":"https:\/\/www.vfl-grafenwald.de\/index.php?rest_route=\/wp\/v2\/users\/4"}],"replies":[{"embeddable":true,"href":"https:\/\/www.vfl-grafenwald.de\/index.php?rest_route=%2Fwp%2Fv2%2Fcomments&post=1688"}],"version-history":[{"count":3,"href":"https:\/\/www.vfl-grafenwald.de\/index.php?rest_route=\/wp\/v2\/posts\/1688\/revisions"}],"predecessor-version":[{"id":1692,"href":"https:\/\/www.vfl-grafenwald.de\/index.php?rest_route=\/wp\/v2\/posts\/1688\/revisions\/1692"}],"wp:attachment":[{"href":"https:\/\/www.vfl-grafenwald.de\/index.php?rest_route=%2Fwp%2Fv2%2Fmedia&parent=1688"}],"wp:term":[{"taxonomy":"category","embeddable":true,"href":"https:\/\/www.vfl-grafenwald.de\/index.php?rest_route=%2Fwp%2Fv2%2Fcategories&post=1688"},{"taxonomy":"post_tag","embeddable":true,"href":"https:\/\/www.vfl-grafenwald.de\/index.php?rest_route=%2Fwp%2Fv2%2Ftags&post=1688"}],"curies":[{"name":"wp","href":"https:\/\/api.w.org\/{rel}","templated":true}]}}