{"id":1682,"date":"2017-08-04T12:57:58","date_gmt":"2017-08-04T10:57:58","guid":{"rendered":"http:\/\/www.vfl-grafenwald.de\/?p=1682"},"modified":"2017-08-04T12:57:58","modified_gmt":"2017-08-04T10:57:58","slug":"budo-camp-2017-der-abteilung-kampfsport","status":"publish","type":"post","link":"https:\/\/www.vfl-grafenwald.de\/?p=1682","title":{"rendered":"Budo Camp 2017 der Abteilung Kampfsport"},"content":{"rendered":"<p>Auch dieses Jahr war das Budo Camp der Abteilung Kampfsport ein voller Erfolg. Unter der Leitung der Abteilungsleiter Robert Macioszek und Joachim Walterfang wurde am Sportplatz in Grafenwald, drei Tage lang intensiv zusammen trainiert. Die Inhalte waren auch dieses Jahr nicht auf Tae Kwon Do oder Bujinkan beschr\u00e4nkt. Die Trainer legen beim Camp sehr viel Wert auf Grundlagen und Verst\u00e4ndnis der einzelnen Techniken und \u00dcbungen.<\/p>\n<div id=\"attachment_1683\" style=\"width: 594px\" class=\"wp-caption aligncenter\"><a href=\"http:\/\/www.vfl-grafenwald.de\/wp-content\/uploads\/2017\/08\/Camp_2017.jpg\"><img loading=\"lazy\" decoding=\"async\" aria-describedby=\"caption-attachment-1683\" class=\"size-large wp-image-1683\" src=\"http:\/\/www.vfl-grafenwald.de\/wp-content\/uploads\/2017\/08\/Camp_2017-1024x768.jpg\" alt=\"\" width=\"584\" height=\"438\" srcset=\"https:\/\/www.vfl-grafenwald.de\/wp-content\/uploads\/2017\/08\/Camp_2017-1024x768.jpg 1024w, https:\/\/www.vfl-grafenwald.de\/wp-content\/uploads\/2017\/08\/Camp_2017-300x225.jpg 300w, https:\/\/www.vfl-grafenwald.de\/wp-content\/uploads\/2017\/08\/Camp_2017-768x576.jpg 768w, https:\/\/www.vfl-grafenwald.de\/wp-content\/uploads\/2017\/08\/Camp_2017-400x300.jpg 400w\" sizes=\"auto, (max-width: 584px) 100vw, 584px\" \/><\/a><p id=\"caption-attachment-1683\" class=\"wp-caption-text\">Budo Camp 2017<\/p><\/div>\n<p>Die 30 Teilnehmer vom VfL Grafenwald und TuS Finkenwerder konnten hierdurch ihre F\u00e4higkeiten in den Bereichen Selbstverteidigung, Kampf und Situationslehre erweitern. Weiterhin haben viele Freunde, Familie und alte Bekannte das Camp besucht und unterst\u00fctzt.<\/p>\n<p>Wir freuen uns auf das n\u00e4chste Budo Camp 2018.<\/p>\n<p>Teilnehmer: <\/p>\n<p>Johannes G\u00fcnther, Nadine Johl, Phillipp Timm, Patrick Meier, Athanasia Tsina, Tom Heiden,Enes Dogan, Finn Feindt, Joss Feindt, Jan Jessen, Josephine Westermann, Jakob Duckheim, Johannes Duckheim, Florian Wengereck, Thorben Bernatzki, Stefanie Doussier, Daniel Dosedal, Chiara Cestaro, Franco Cestaro, Lukas Surzyn, Sebastian Buil, Daniel Radyk, Merlin Lampart, Levi Kramer, Fanny Rieder, Rafael Kinder, Joachim Walterfang, Robert Macioszek <\/p>\n","protected":false},"excerpt":{"rendered":"<p>Auch dieses Jahr war das Budo Camp der Abteilung Kampfsport ein voller Erfolg. Unter der Leitung der Abteilungsleiter Robert Macioszek und Joachim Walterfang wurde am Sportplatz in Grafenwald, drei Tage lang intensiv zusammen trainiert. Die Inhalte waren auch dieses Jahr &hellip; <a href=\"https:\/\/www.vfl-grafenwald.de\/?p=1682\">Weiterlesen <span class=\"meta-nav\">&rarr;<\/span><\/a><\/p>\n","protected":false},"author":1,"featured_media":0,"comment_status":"closed","ping_status":"closed","sticky":false,"template":"","format":"standard","meta":{"footnotes":""},"categories":[3],"tags":[60,47,16],"class_list":["post-1682","post","type-post","status-publish","format-standard","hentry","category-kampfsport","tag-budo-camp","tag-bujinkan","tag-tkd"],"_links":{"self":[{"href":"https:\/\/www.vfl-grafenwald.de\/index.php?rest_route=\/wp\/v2\/posts\/1682","targetHints":{"allow":["GET"]}}],"collection":[{"href":"https:\/\/www.vfl-grafenwald.de\/index.php?rest_route=\/wp\/v2\/posts"}],"about":[{"href":"https:\/\/www.vfl-grafenwald.de\/index.php?rest_route=\/wp\/v2\/types\/post"}],"author":[{"embeddable":true,"href":"https:\/\/www.vfl-grafenwald.de\/index.php?rest_route=\/wp\/v2\/users\/1"}],"replies":[{"embeddable":true,"href":"https:\/\/www.vfl-grafenwald.de\/index.php?rest_route=%2Fwp%2Fv2%2Fcomments&post=1682"}],"version-history":[{"count":1,"href":"https:\/\/www.vfl-grafenwald.de\/index.php?rest_route=\/wp\/v2\/posts\/1682\/revisions"}],"predecessor-version":[{"id":1684,"href":"https:\/\/www.vfl-grafenwald.de\/index.php?rest_route=\/wp\/v2\/posts\/1682\/revisions\/1684"}],"wp:attachment":[{"href":"https:\/\/www.vfl-grafenwald.de\/index.php?rest_route=%2Fwp%2Fv2%2Fmedia&parent=1682"}],"wp:term":[{"taxonomy":"category","embeddable":true,"href":"https:\/\/www.vfl-grafenwald.de\/index.php?rest_route=%2Fwp%2Fv2%2Fcategories&post=1682"},{"taxonomy":"post_tag","embeddable":true,"href":"https:\/\/www.vfl-grafenwald.de\/index.php?rest_route=%2Fwp%2Fv2%2Ftags&post=1682"}],"curies":[{"name":"wp","href":"https:\/\/api.w.org\/{rel}","templated":true}]}}