{"id":1658,"date":"2017-06-27T17:09:38","date_gmt":"2017-06-27T15:09:38","guid":{"rendered":"http:\/\/www.vfl-grafenwald.de\/?p=1658"},"modified":"2017-06-27T17:15:09","modified_gmt":"2017-06-27T15:15:09","slug":"vorstellung-beim-1-woeller-fototag-erdinc-topcuoglo-und-gerd-fuesser-trainieren-die-c-junioren","status":"publish","type":"post","link":"https:\/\/www.vfl-grafenwald.de\/?p=1658","title":{"rendered":"Vorstellung beim 1. W\u00f6ller Fototag: Erdinc Topcuoglo und Gerd F\u00fc\u00dfer trainieren die C-Junioren"},"content":{"rendered":"<p>Hoch her ging es am Samstag, 24. Juni im Grafenw\u00e4lder Waldstadion. Die Fu\u00dfballjugend-Mannschaften der kommenden Saison hatten ihren ersten offiziellen Termin: den W\u00f6ller Fototag, der zum ersten Mal \u00fcberhaupt stattfand.<\/p>\n<p>Die Grafenw\u00e4lder Fotografin Johanna Alfes stellte Teams und Trainer in den Fokus ihrer Kamera und fertigte Mannschaftsfotos und Einzelportraits an. Auch der Jugendvorstand konnte Johanna nicht entkommen.<\/p>\n<p>An diesem Termin stellte sich ein neues Trainergespann im W\u00f6llerland vor. Erdinc Topcuoglo und Gerd F\u00fc\u00dfer coachen in der kommenden Saison die C-Junioren. Erdinc war vor bis vor eineinhalb Jahren DFB-St\u00fctzpunkttrainer und Trainerausbilder im Kreis Gelsenkirchen. Gerd hat schon mehrere Mannschaften im Verein trainiert und ist im Besitz einer B-Lizenz. Sein erster Ausbilder hie\u00df \u00fcbrigens Erdinc Topcuoglu.<\/p>\n<p><a href=\"http:\/\/www.vfl-grafenwald.de\/wp-content\/uploads\/2017\/06\/VfL-C-Jugend-03.jpg\"><img loading=\"lazy\" decoding=\"async\" src=\"http:\/\/www.vfl-grafenwald.de\/wp-content\/uploads\/2017\/06\/VfL-C-Jugend-03-214x300.jpg\" alt=\"\" width=\"214\" height=\"300\" class=\"alignnone size-medium wp-image-1660\" srcset=\"https:\/\/www.vfl-grafenwald.de\/wp-content\/uploads\/2017\/06\/VfL-C-Jugend-03-214x300.jpg 214w, https:\/\/www.vfl-grafenwald.de\/wp-content\/uploads\/2017\/06\/VfL-C-Jugend-03-768x1075.jpg 768w, https:\/\/www.vfl-grafenwald.de\/wp-content\/uploads\/2017\/06\/VfL-C-Jugend-03-731x1024.jpg 731w, https:\/\/www.vfl-grafenwald.de\/wp-content\/uploads\/2017\/06\/VfL-C-Jugend-03.jpg 1914w\" sizes=\"auto, (max-width: 214px) 100vw, 214px\" \/><\/a><br \/>\nGerd F\u00fc\u00dfer &#8211; Erdinc Topcuoglo &#8211; Andreas Lauer (sportliche Leitung)<\/p>\n<p>Herzlich willkommen, Erdinc, willkommen zur\u00fcck, Gerd!<\/p>\n<p>Eindr\u00fccke zum Fototag liefert das <a href=\"https:\/\/sway.com\/YlldTdQOv0rVIanE?ref=Link&#038;loc=play\" target=\"_blank\">Making of<\/a>, das Michael Schlautmann zusammengestellt hat.<\/p>\n","protected":false},"excerpt":{"rendered":"<p>Hoch her ging es am Samstag, 24. Juni im Grafenw\u00e4lder Waldstadion. Die Fu\u00dfballjugend-Mannschaften der kommenden Saison hatten ihren ersten offiziellen Termin: den W\u00f6ller Fototag, der zum ersten Mal \u00fcberhaupt stattfand. Die Grafenw\u00e4lder Fotografin Johanna Alfes stellte Teams und Trainer in &hellip; <a href=\"https:\/\/www.vfl-grafenwald.de\/?p=1658\">Weiterlesen <span class=\"meta-nav\">&rarr;<\/span><\/a><\/p>\n","protected":false},"author":4,"featured_media":0,"comment_status":"closed","ping_status":"closed","sticky":false,"template":"","format":"standard","meta":{"footnotes":""},"categories":[1],"tags":[],"class_list":["post-1658","post","type-post","status-publish","format-standard","hentry","category-verein"],"_links":{"self":[{"href":"https:\/\/www.vfl-grafenwald.de\/index.php?rest_route=\/wp\/v2\/posts\/1658","targetHints":{"allow":["GET"]}}],"collection":[{"href":"https:\/\/www.vfl-grafenwald.de\/index.php?rest_route=\/wp\/v2\/posts"}],"about":[{"href":"https:\/\/www.vfl-grafenwald.de\/index.php?rest_route=\/wp\/v2\/types\/post"}],"author":[{"embeddable":true,"href":"https:\/\/www.vfl-grafenwald.de\/index.php?rest_route=\/wp\/v2\/users\/4"}],"replies":[{"embeddable":true,"href":"https:\/\/www.vfl-grafenwald.de\/index.php?rest_route=%2Fwp%2Fv2%2Fcomments&post=1658"}],"version-history":[{"count":4,"href":"https:\/\/www.vfl-grafenwald.de\/index.php?rest_route=\/wp\/v2\/posts\/1658\/revisions"}],"predecessor-version":[{"id":1664,"href":"https:\/\/www.vfl-grafenwald.de\/index.php?rest_route=\/wp\/v2\/posts\/1658\/revisions\/1664"}],"wp:attachment":[{"href":"https:\/\/www.vfl-grafenwald.de\/index.php?rest_route=%2Fwp%2Fv2%2Fmedia&parent=1658"}],"wp:term":[{"taxonomy":"category","embeddable":true,"href":"https:\/\/www.vfl-grafenwald.de\/index.php?rest_route=%2Fwp%2Fv2%2Fcategories&post=1658"},{"taxonomy":"post_tag","embeddable":true,"href":"https:\/\/www.vfl-grafenwald.de\/index.php?rest_route=%2Fwp%2Fv2%2Ftags&post=1658"}],"curies":[{"name":"wp","href":"https:\/\/api.w.org\/{rel}","templated":true}]}}