{"id":1655,"date":"2017-06-27T09:50:26","date_gmt":"2017-06-27T07:50:26","guid":{"rendered":"http:\/\/www.vfl-grafenwald.de\/?p=1655"},"modified":"2017-06-27T09:50:40","modified_gmt":"2017-06-27T07:50:40","slug":"beitragseinzug-2-halbjahr-2017-beruecksichtigt-die-neue-beitragsstruktur","status":"publish","type":"post","link":"https:\/\/www.vfl-grafenwald.de\/?p=1655","title":{"rendered":"Beitragseinzug 2. Halbjahr 2017 ber\u00fccksichtigt die neue Beitragsstruktur"},"content":{"rendered":"<p>Zum 1. Juli wird der VfL Grafenwald die halbj\u00e4hrlichen Beitr\u00e4ge der Mitglieder einziehen. In den Jahresversammlungen der Abteilungen haben die Mitglieder \u00c4nderungen bei den Beitragsstrukturen ab dem zweiten Halbjahr 2017 verabschiedet. Bereits im vergangenen Jahr hatte die Delegiertenversammlung des VfL beschlossen, die Umlage f\u00fcr den Gesamtverein (Grundbeitrag) von ein auf zwei Euro pro Monat zu erh\u00f6hen, ebenfalls zum Stichtag 1. Juli 2017.<\/p>\n<p>Die <a href=\"http:\/\/www.vfl-grafenwald.de\/wp-content\/uploads\/2017\/06\/2017_06_21_Abteilungsbeitraege.pdf\" target=\"_blank\">\u00dcbersicht \u201eBeitr\u00e4ge\u201c<\/a> im Downloadbereich informiert im Einzelnen \u00fcber die nun g\u00fcltigen Mitgliedsbeitr\u00e4ge unserer Abteilungen.<\/p>\n","protected":false},"excerpt":{"rendered":"<p>Zum 1. Juli wird der VfL Grafenwald die halbj\u00e4hrlichen Beitr\u00e4ge der Mitglieder einziehen. In den Jahresversammlungen der Abteilungen haben die Mitglieder \u00c4nderungen bei den Beitragsstrukturen ab dem zweiten Halbjahr 2017 verabschiedet. Bereits im vergangenen Jahr hatte die Delegiertenversammlung des VfL &hellip; <a href=\"https:\/\/www.vfl-grafenwald.de\/?p=1655\">Weiterlesen <span class=\"meta-nav\">&rarr;<\/span><\/a><\/p>\n","protected":false},"author":4,"featured_media":0,"comment_status":"closed","ping_status":"closed","sticky":false,"template":"","format":"standard","meta":{"footnotes":""},"categories":[1],"tags":[],"class_list":["post-1655","post","type-post","status-publish","format-standard","hentry","category-verein"],"_links":{"self":[{"href":"https:\/\/www.vfl-grafenwald.de\/index.php?rest_route=\/wp\/v2\/posts\/1655","targetHints":{"allow":["GET"]}}],"collection":[{"href":"https:\/\/www.vfl-grafenwald.de\/index.php?rest_route=\/wp\/v2\/posts"}],"about":[{"href":"https:\/\/www.vfl-grafenwald.de\/index.php?rest_route=\/wp\/v2\/types\/post"}],"author":[{"embeddable":true,"href":"https:\/\/www.vfl-grafenwald.de\/index.php?rest_route=\/wp\/v2\/users\/4"}],"replies":[{"embeddable":true,"href":"https:\/\/www.vfl-grafenwald.de\/index.php?rest_route=%2Fwp%2Fv2%2Fcomments&post=1655"}],"version-history":[{"count":2,"href":"https:\/\/www.vfl-grafenwald.de\/index.php?rest_route=\/wp\/v2\/posts\/1655\/revisions"}],"predecessor-version":[{"id":1657,"href":"https:\/\/www.vfl-grafenwald.de\/index.php?rest_route=\/wp\/v2\/posts\/1655\/revisions\/1657"}],"wp:attachment":[{"href":"https:\/\/www.vfl-grafenwald.de\/index.php?rest_route=%2Fwp%2Fv2%2Fmedia&parent=1655"}],"wp:term":[{"taxonomy":"category","embeddable":true,"href":"https:\/\/www.vfl-grafenwald.de\/index.php?rest_route=%2Fwp%2Fv2%2Fcategories&post=1655"},{"taxonomy":"post_tag","embeddable":true,"href":"https:\/\/www.vfl-grafenwald.de\/index.php?rest_route=%2Fwp%2Fv2%2Ftags&post=1655"}],"curies":[{"name":"wp","href":"https:\/\/api.w.org\/{rel}","templated":true}]}}