{"id":1595,"date":"2017-03-08T08:16:01","date_gmt":"2017-03-08T07:16:01","guid":{"rendered":"http:\/\/www.vfl-grafenwald.de\/?p=1595"},"modified":"2017-04-14T15:33:01","modified_gmt":"2017-04-14T13:33:01","slug":"abteilung-fussball-einladungen-zu-den-jahresversammlungen-von-jugend-und-senioren","status":"publish","type":"post","link":"https:\/\/www.vfl-grafenwald.de\/?p=1595","title":{"rendered":"Abteilung Fu\u00dfball: Einladungen zu den Jahresversammlungen von Jugend und Senioren"},"content":{"rendered":"<p><strong>Jugendtag der Abteilung Fu\u00dfball<\/strong><\/p>\n<p>Am Freitag, 31. M\u00e4rz 2017 findet der Jugendtag der Abteilung Fu\u00dfball statt. Beginn ist um 19.30 Uhr im Jugend- und Vereinsheim des VfL Grafenwald (Sensenfeld 96, 46244 Bottrop).<\/p>\n<p><a href=\"http:\/\/www.vfl-grafenwald.de\/wp-content\/uploads\/2017\/03\/2017-03-31-Einladung-Jugendtag-2017.pdf\">Einladung zum Jugendtag mit der vorgeschlagenen Tagesordnung<\/a><\/p>\n<p><strong>Jahresversammlung der Abteilung Fu\u00dfball<\/strong><\/p>\n<p>Am Freitag, 7. April 2017 findet die Jahresversammlung der Abteilung Fu\u00dfball statt. Die Veranstaltung beginnt um 19.30 Uhr im Jugend- und Vereinsheim des VfL Grafenwald (Sensenfeld 96).<\/p>\n<p><a href=\"http:\/\/www.vfl-grafenwald.de\/wp-content\/uploads\/2017\/03\/Einladung_AV_2017.pdf\">Einladung zur Abteilungsversammlung mit der vorgeschlagenen Tagesordnung<\/a><\/p>\n","protected":false},"excerpt":{"rendered":"<p>Jugendtag der Abteilung Fu\u00dfball Am Freitag, 31. M\u00e4rz 2017 findet der Jugendtag der Abteilung Fu\u00dfball statt. Beginn ist um 19.30 Uhr im Jugend- und Vereinsheim des VfL Grafenwald (Sensenfeld 96, 46244 Bottrop). Einladung zum Jugendtag mit der vorgeschlagenen Tagesordnung Jahresversammlung &hellip; <a href=\"https:\/\/www.vfl-grafenwald.de\/?p=1595\">Weiterlesen <span class=\"meta-nav\">&rarr;<\/span><\/a><\/p>\n","protected":false},"author":4,"featured_media":0,"comment_status":"closed","ping_status":"closed","sticky":false,"template":"","format":"standard","meta":{"footnotes":""},"categories":[4],"tags":[],"class_list":["post-1595","post","type-post","status-publish","format-standard","hentry","category-fussball"],"_links":{"self":[{"href":"https:\/\/www.vfl-grafenwald.de\/index.php?rest_route=\/wp\/v2\/posts\/1595","targetHints":{"allow":["GET"]}}],"collection":[{"href":"https:\/\/www.vfl-grafenwald.de\/index.php?rest_route=\/wp\/v2\/posts"}],"about":[{"href":"https:\/\/www.vfl-grafenwald.de\/index.php?rest_route=\/wp\/v2\/types\/post"}],"author":[{"embeddable":true,"href":"https:\/\/www.vfl-grafenwald.de\/index.php?rest_route=\/wp\/v2\/users\/4"}],"replies":[{"embeddable":true,"href":"https:\/\/www.vfl-grafenwald.de\/index.php?rest_route=%2Fwp%2Fv2%2Fcomments&post=1595"}],"version-history":[{"count":5,"href":"https:\/\/www.vfl-grafenwald.de\/index.php?rest_route=\/wp\/v2\/posts\/1595\/revisions"}],"predecessor-version":[{"id":1603,"href":"https:\/\/www.vfl-grafenwald.de\/index.php?rest_route=\/wp\/v2\/posts\/1595\/revisions\/1603"}],"wp:attachment":[{"href":"https:\/\/www.vfl-grafenwald.de\/index.php?rest_route=%2Fwp%2Fv2%2Fmedia&parent=1595"}],"wp:term":[{"taxonomy":"category","embeddable":true,"href":"https:\/\/www.vfl-grafenwald.de\/index.php?rest_route=%2Fwp%2Fv2%2Fcategories&post=1595"},{"taxonomy":"post_tag","embeddable":true,"href":"https:\/\/www.vfl-grafenwald.de\/index.php?rest_route=%2Fwp%2Fv2%2Ftags&post=1595"}],"curies":[{"name":"wp","href":"https:\/\/api.w.org\/{rel}","templated":true}]}}