{"id":1557,"date":"2016-12-22T18:02:51","date_gmt":"2016-12-22T17:02:51","guid":{"rendered":"http:\/\/www.vfl-grafenwald.de\/?p=1557"},"modified":"2017-01-20T12:19:44","modified_gmt":"2017-01-20T11:19:44","slug":"herzlichen-glueckwunsch-uli-und-marc-ehrenamtspreistraeger-des-vfl-grafenwald","status":"publish","type":"post","link":"https:\/\/www.vfl-grafenwald.de\/?p=1557","title":{"rendered":"Herzlichen Gl\u00fcckwunsch, Uli und Marc! &#8211; Ehrenamtspreistr\u00e4ger des VfL Grafenwald"},"content":{"rendered":"<p>Das sind ausgezeichnete Neuigkeiten &#8211; und das w\u00f6rtlich genommen.<\/p>\n<p>F\u00fcr ihr besonderes Engagement beim VfL Grafenwald werden Uli Spickenbaum und Marc Ba\u00dfenhoff mit dem DFB-Ehrenamtspreis geehrt. Marc wird in der Kategorie &#8222;Junges Ehrenamt&#8220; ausgezeichnet. Uli ist Kreissieger im Kreis 12 und ist vom Verband in den sogenannten Club 100 aufgenommen worden: <a href=\"http:\/\/www.flvw-kreis-12.net\/ehrungen.html\" target=\"_blank\">DFB \u2013 Ehrenamtspreis 2016<\/a><\/p>\n<p>Wir gratulieren von ganzem Herzen und bedanken uns f\u00fcr euren nicht allt\u00e4glichen Einsatz!<\/p>\n","protected":false},"excerpt":{"rendered":"<p>Das sind ausgezeichnete Neuigkeiten &#8211; und das w\u00f6rtlich genommen. F\u00fcr ihr besonderes Engagement beim VfL Grafenwald werden Uli Spickenbaum und Marc Ba\u00dfenhoff mit dem DFB-Ehrenamtspreis geehrt. Marc wird in der Kategorie &#8222;Junges Ehrenamt&#8220; ausgezeichnet. Uli ist Kreissieger im Kreis 12 &hellip; <a href=\"https:\/\/www.vfl-grafenwald.de\/?p=1557\">Weiterlesen <span class=\"meta-nav\">&rarr;<\/span><\/a><\/p>\n","protected":false},"author":4,"featured_media":0,"comment_status":"closed","ping_status":"closed","sticky":false,"template":"","format":"standard","meta":{"footnotes":""},"categories":[4,1],"tags":[],"class_list":["post-1557","post","type-post","status-publish","format-standard","hentry","category-fussball","category-verein"],"_links":{"self":[{"href":"https:\/\/www.vfl-grafenwald.de\/index.php?rest_route=\/wp\/v2\/posts\/1557","targetHints":{"allow":["GET"]}}],"collection":[{"href":"https:\/\/www.vfl-grafenwald.de\/index.php?rest_route=\/wp\/v2\/posts"}],"about":[{"href":"https:\/\/www.vfl-grafenwald.de\/index.php?rest_route=\/wp\/v2\/types\/post"}],"author":[{"embeddable":true,"href":"https:\/\/www.vfl-grafenwald.de\/index.php?rest_route=\/wp\/v2\/users\/4"}],"replies":[{"embeddable":true,"href":"https:\/\/www.vfl-grafenwald.de\/index.php?rest_route=%2Fwp%2Fv2%2Fcomments&post=1557"}],"version-history":[{"count":3,"href":"https:\/\/www.vfl-grafenwald.de\/index.php?rest_route=\/wp\/v2\/posts\/1557\/revisions"}],"predecessor-version":[{"id":1560,"href":"https:\/\/www.vfl-grafenwald.de\/index.php?rest_route=\/wp\/v2\/posts\/1557\/revisions\/1560"}],"wp:attachment":[{"href":"https:\/\/www.vfl-grafenwald.de\/index.php?rest_route=%2Fwp%2Fv2%2Fmedia&parent=1557"}],"wp:term":[{"taxonomy":"category","embeddable":true,"href":"https:\/\/www.vfl-grafenwald.de\/index.php?rest_route=%2Fwp%2Fv2%2Fcategories&post=1557"},{"taxonomy":"post_tag","embeddable":true,"href":"https:\/\/www.vfl-grafenwald.de\/index.php?rest_route=%2Fwp%2Fv2%2Ftags&post=1557"}],"curies":[{"name":"wp","href":"https:\/\/api.w.org\/{rel}","templated":true}]}}