{"id":1531,"date":"2016-11-04T11:02:18","date_gmt":"2016-11-04T10:02:18","guid":{"rendered":"http:\/\/www.vfl-grafenwald.de\/?p=1531"},"modified":"2016-11-04T15:06:20","modified_gmt":"2016-11-04T14:06:20","slug":"spitzenspiele-der-b-juniorinnen-und-der-a-junioren","status":"publish","type":"post","link":"https:\/\/www.vfl-grafenwald.de\/?p=1531","title":{"rendered":"Spitzenspiele der B-Juniorinnen und der A-Junioren"},"content":{"rendered":"<p>Am Samstag wird um 13.30 Uhr das Spiel unserer U17 (B-Juniorinnen) gegen den SV Horst-Emscher 08 angepfiffen; es sind die einzigen Teams der Liga, die ungeschlagen sind. Noch f\u00fchren die Gelsenkirchenerinnen die Tabelle mit zw\u00f6lf Punkten auf dem Konto an, doch dahinter &#8222;lauert&#8220; die Mannschaft von Andreas Fockenberg und Hermann Hasebrink mit zehn Z\u00e4hlern auf der Habenseite.<\/p>\n<p>Nach dem Derbysieg will die A-Jugend beim Tabellenf\u00fchrer der Kreisliga A nachlegen. Gelingt dem Team von Tim Strohmeier ein &#8222;Dreier&#8220;, kommt es bis auf einen Punkt an den SV Zweckel heran. Ansto\u00df ist am Sonntag um 10.45 Uhr an der Zweckeler Stra\u00dfe, im sogenannten K\u00e4fig.<\/p>\n<p>Das \u00fcbrige Programm unserer Jugendmannschaften:<br \/>\nSamstag, 5. November<br \/>\n11.00 Uhr SC SChaffrath II &#8211; E2-Jugend \/ SC Schaffrath I &#8211; E1-Jugend<br \/>\nSonntag, 6. November<br \/>\n10.45 Uhr B-Jugend &#8211; Schwarz-Blau Gladbeck<\/p>\n","protected":false},"excerpt":{"rendered":"<p>Am Samstag wird um 13.30 Uhr das Spiel unserer U17 (B-Juniorinnen) gegen den SV Horst-Emscher 08 angepfiffen; es sind die einzigen Teams der Liga, die ungeschlagen sind. Noch f\u00fchren die Gelsenkirchenerinnen die Tabelle mit zw\u00f6lf Punkten auf dem Konto an, &hellip; <a href=\"https:\/\/www.vfl-grafenwald.de\/?p=1531\">Weiterlesen <span class=\"meta-nav\">&rarr;<\/span><\/a><\/p>\n","protected":false},"author":4,"featured_media":0,"comment_status":"closed","ping_status":"closed","sticky":false,"template":"","format":"standard","meta":{"footnotes":""},"categories":[4],"tags":[22],"class_list":["post-1531","post","type-post","status-publish","format-standard","hentry","category-fussball","tag-jugend"],"_links":{"self":[{"href":"https:\/\/www.vfl-grafenwald.de\/index.php?rest_route=\/wp\/v2\/posts\/1531","targetHints":{"allow":["GET"]}}],"collection":[{"href":"https:\/\/www.vfl-grafenwald.de\/index.php?rest_route=\/wp\/v2\/posts"}],"about":[{"href":"https:\/\/www.vfl-grafenwald.de\/index.php?rest_route=\/wp\/v2\/types\/post"}],"author":[{"embeddable":true,"href":"https:\/\/www.vfl-grafenwald.de\/index.php?rest_route=\/wp\/v2\/users\/4"}],"replies":[{"embeddable":true,"href":"https:\/\/www.vfl-grafenwald.de\/index.php?rest_route=%2Fwp%2Fv2%2Fcomments&post=1531"}],"version-history":[{"count":4,"href":"https:\/\/www.vfl-grafenwald.de\/index.php?rest_route=\/wp\/v2\/posts\/1531\/revisions"}],"predecessor-version":[{"id":1536,"href":"https:\/\/www.vfl-grafenwald.de\/index.php?rest_route=\/wp\/v2\/posts\/1531\/revisions\/1536"}],"wp:attachment":[{"href":"https:\/\/www.vfl-grafenwald.de\/index.php?rest_route=%2Fwp%2Fv2%2Fmedia&parent=1531"}],"wp:term":[{"taxonomy":"category","embeddable":true,"href":"https:\/\/www.vfl-grafenwald.de\/index.php?rest_route=%2Fwp%2Fv2%2Fcategories&post=1531"},{"taxonomy":"post_tag","embeddable":true,"href":"https:\/\/www.vfl-grafenwald.de\/index.php?rest_route=%2Fwp%2Fv2%2Ftags&post=1531"}],"curies":[{"name":"wp","href":"https:\/\/api.w.org\/{rel}","templated":true}]}}