{"id":1526,"date":"2016-10-29T08:17:13","date_gmt":"2016-10-29T06:17:13","guid":{"rendered":"http:\/\/www.vfl-grafenwald.de\/?p=1526"},"modified":"2016-11-04T11:03:52","modified_gmt":"2016-11-04T10:03:52","slug":"grafenwaelder-a-junioren-siegen-21-im-derby","status":"publish","type":"post","link":"https:\/\/www.vfl-grafenwald.de\/?p=1526","title":{"rendered":"Grafenw\u00e4lder A-Junioren siegen 2:1 im Derby"},"content":{"rendered":"<p>Vor gro\u00dfartiger &#8211; und lautstarker &#8211; Kulisse entwickelte sich das Kreisjugendliga A-Spiel der Grafenw\u00e4lder und Kirchhellener A-Junioren am Freitagabend im Waldstadion zu einem spannungsgeladenen Derby. Nach gerade mal einer Viertelstunde befanden sich die W\u00f6ller auf einem sicheren Weg zum Erfolg. Hendrik Bromkamp (10. Minute) und nur vier Minuten sp\u00e4ter Matthias P\u00f6tz hatten Kirchhellens Keeper Daniel Kyrik mit sehenswerten Distanzsch\u00fcssen \u00fcberwunden.<\/p>\n<p>Doch nach dem Anschlusstreffer durch Lukas Teschke (38.) war die Souver\u00e4nit\u00e4t dahin. Es blieb Spekulation, wie sich ein weiteres Tor der Grafenw\u00e4lder noch vor der Halbzeitpause auf den Spielverlauf ausgewirkt h\u00e4tte: Marius Brinkhaus&#8216; Schuss wurde lang und l\u00e4nger &#8211; und senkte sich auf die Latte des gegnerischen Tores.<\/p>\n<p>In der zweiten Halbzeit blieb es knapp, die Grafenw\u00e4lder Fans hatten den Eindruck, die Zeit schliche dahin, w\u00e4hrend der VfB-Anhang die Minuten rasant und unaufhaltsam verrinnen sah. Vergeblich bem\u00fchte sich der VfL, wieder fu\u00dfballerischen Zugriff auf das Spiel zu bekommen, vergeblich hoffte der VfB, dass ein langer Ball f\u00fcr den einen Gl\u00fccksmoment zum 2:2 sorgen w\u00fcrde. Nach f\u00fcnf Minuten Nachspielzeit beendete Attila Ucan die Begegnung und die W\u00f6ller feierten ihre &#8222;Derbysiger, Derbysieger!&#8220;<\/p>\n","protected":false},"excerpt":{"rendered":"<p>Vor gro\u00dfartiger &#8211; und lautstarker &#8211; Kulisse entwickelte sich das Kreisjugendliga A-Spiel der Grafenw\u00e4lder und Kirchhellener A-Junioren am Freitagabend im Waldstadion zu einem spannungsgeladenen Derby. Nach gerade mal einer Viertelstunde befanden sich die W\u00f6ller auf einem sicheren Weg zum Erfolg. &hellip; <a href=\"https:\/\/www.vfl-grafenwald.de\/?p=1526\">Weiterlesen <span class=\"meta-nav\">&rarr;<\/span><\/a><\/p>\n","protected":false},"author":4,"featured_media":0,"comment_status":"closed","ping_status":"closed","sticky":false,"template":"","format":"standard","meta":{"footnotes":""},"categories":[4],"tags":[22],"class_list":["post-1526","post","type-post","status-publish","format-standard","hentry","category-fussball","tag-jugend"],"_links":{"self":[{"href":"https:\/\/www.vfl-grafenwald.de\/index.php?rest_route=\/wp\/v2\/posts\/1526","targetHints":{"allow":["GET"]}}],"collection":[{"href":"https:\/\/www.vfl-grafenwald.de\/index.php?rest_route=\/wp\/v2\/posts"}],"about":[{"href":"https:\/\/www.vfl-grafenwald.de\/index.php?rest_route=\/wp\/v2\/types\/post"}],"author":[{"embeddable":true,"href":"https:\/\/www.vfl-grafenwald.de\/index.php?rest_route=\/wp\/v2\/users\/4"}],"replies":[{"embeddable":true,"href":"https:\/\/www.vfl-grafenwald.de\/index.php?rest_route=%2Fwp%2Fv2%2Fcomments&post=1526"}],"version-history":[{"count":4,"href":"https:\/\/www.vfl-grafenwald.de\/index.php?rest_route=\/wp\/v2\/posts\/1526\/revisions"}],"predecessor-version":[{"id":1530,"href":"https:\/\/www.vfl-grafenwald.de\/index.php?rest_route=\/wp\/v2\/posts\/1526\/revisions\/1530"}],"wp:attachment":[{"href":"https:\/\/www.vfl-grafenwald.de\/index.php?rest_route=%2Fwp%2Fv2%2Fmedia&parent=1526"}],"wp:term":[{"taxonomy":"category","embeddable":true,"href":"https:\/\/www.vfl-grafenwald.de\/index.php?rest_route=%2Fwp%2Fv2%2Fcategories&post=1526"},{"taxonomy":"post_tag","embeddable":true,"href":"https:\/\/www.vfl-grafenwald.de\/index.php?rest_route=%2Fwp%2Fv2%2Ftags&post=1526"}],"curies":[{"name":"wp","href":"https:\/\/api.w.org\/{rel}","templated":true}]}}