{"id":1521,"date":"2016-10-27T13:19:23","date_gmt":"2016-10-27T11:19:23","guid":{"rendered":"http:\/\/www.vfl-grafenwald.de\/?p=1521"},"modified":"2016-10-27T13:21:22","modified_gmt":"2016-10-27T11:21:22","slug":"derbyfieber-in-grafenwald","status":"publish","type":"post","link":"https:\/\/www.vfl-grafenwald.de\/?p=1521","title":{"rendered":"Derbyfieber in Grafenwald"},"content":{"rendered":"<p>Nein, nein, gemeint ist nicht das Revierderby in der Bundesliga, obwohl dies sicher auch den einen oder anderen W\u00f6ller interessieren mag.<\/p>\n<p>Am Freitagabend steigt das Dorfderby der A-Junioren von VfL Grafenwald und VfB Kirchhellen in der Kreisjugendliga A. Das Spiel wird Freitag, 28. Oktober, um 19 Uhr auf der Kunstrasenanlage im Waldstadion (Sensenfeld) angepfiffen.<\/p>\n<p>Aktuell liegen die W\u00f6ller in der Tabelle vor den Kirchhellenern, aber lediglich aufgrund der Tordifferenz, was f\u00fcr ein Spiel mit zwei Mannschaften auf Augenh\u00f6he spricht. Die &#8222;Generalproben&#8220; gingen jedenfalls bei beiden Teams schief. Der VfL musste sich ausw\u00e4rte dem ETuS Bismarck mit 1:5 beugen; Hendrik Bromkamp hatte den zwischenzeitlichen Anschlusstreffer erzielt. Der VfB hatte beim Erler SV 08 das Nachsehen. Beim 1:4 traf Felix Flockert f\u00fcr die Kirchhellener.<\/p>\n","protected":false},"excerpt":{"rendered":"<p>Nein, nein, gemeint ist nicht das Revierderby in der Bundesliga, obwohl dies sicher auch den einen oder anderen W\u00f6ller interessieren mag. Am Freitagabend steigt das Dorfderby der A-Junioren von VfL Grafenwald und VfB Kirchhellen in der Kreisjugendliga A. Das Spiel &hellip; <a href=\"https:\/\/www.vfl-grafenwald.de\/?p=1521\">Weiterlesen <span class=\"meta-nav\">&rarr;<\/span><\/a><\/p>\n","protected":false},"author":4,"featured_media":0,"comment_status":"closed","ping_status":"closed","sticky":false,"template":"","format":"standard","meta":{"footnotes":""},"categories":[4,1],"tags":[22],"class_list":["post-1521","post","type-post","status-publish","format-standard","hentry","category-fussball","category-verein","tag-jugend"],"_links":{"self":[{"href":"https:\/\/www.vfl-grafenwald.de\/index.php?rest_route=\/wp\/v2\/posts\/1521","targetHints":{"allow":["GET"]}}],"collection":[{"href":"https:\/\/www.vfl-grafenwald.de\/index.php?rest_route=\/wp\/v2\/posts"}],"about":[{"href":"https:\/\/www.vfl-grafenwald.de\/index.php?rest_route=\/wp\/v2\/types\/post"}],"author":[{"embeddable":true,"href":"https:\/\/www.vfl-grafenwald.de\/index.php?rest_route=\/wp\/v2\/users\/4"}],"replies":[{"embeddable":true,"href":"https:\/\/www.vfl-grafenwald.de\/index.php?rest_route=%2Fwp%2Fv2%2Fcomments&post=1521"}],"version-history":[{"count":3,"href":"https:\/\/www.vfl-grafenwald.de\/index.php?rest_route=\/wp\/v2\/posts\/1521\/revisions"}],"predecessor-version":[{"id":1525,"href":"https:\/\/www.vfl-grafenwald.de\/index.php?rest_route=\/wp\/v2\/posts\/1521\/revisions\/1525"}],"wp:attachment":[{"href":"https:\/\/www.vfl-grafenwald.de\/index.php?rest_route=%2Fwp%2Fv2%2Fmedia&parent=1521"}],"wp:term":[{"taxonomy":"category","embeddable":true,"href":"https:\/\/www.vfl-grafenwald.de\/index.php?rest_route=%2Fwp%2Fv2%2Fcategories&post=1521"},{"taxonomy":"post_tag","embeddable":true,"href":"https:\/\/www.vfl-grafenwald.de\/index.php?rest_route=%2Fwp%2Fv2%2Ftags&post=1521"}],"curies":[{"name":"wp","href":"https:\/\/api.w.org\/{rel}","templated":true}]}}