{"id":1503,"date":"2016-09-25T10:50:31","date_gmt":"2016-09-25T08:50:31","guid":{"rendered":"http:\/\/www.vfl-grafenwald.de\/?p=1503"},"modified":"2016-09-26T22:56:58","modified_gmt":"2016-09-26T20:56:58","slug":"gratulation-zur-bestandenen-guertelpruefung-am-24-09-2016","status":"publish","type":"post","link":"https:\/\/www.vfl-grafenwald.de\/?p=1503","title":{"rendered":"Gratulation zur bestandenen G\u00fcrtelpr\u00fcfung am 24.09.2016"},"content":{"rendered":"<p><div id=\"attachment_1505\" style=\"width: 2010px\" class=\"wp-caption aligncenter\"><a href=\"http:\/\/www.vfl-grafenwald.de\/wp-content\/uploads\/2016\/09\/tkd_pr\u00fcfung_24092016.jpg\"><img loading=\"lazy\" decoding=\"async\" aria-describedby=\"caption-attachment-1505\" src=\"http:\/\/www.vfl-grafenwald.de\/wp-content\/uploads\/2016\/09\/tkd_pr\u00fcfung_24092016.jpg\" alt=\"TKD Pr\u00fcfung 24.09.2016\" width=\"2000\" height=\"1212\" class=\"size-full wp-image-1505\" srcset=\"https:\/\/www.vfl-grafenwald.de\/wp-content\/uploads\/2016\/09\/tkd_pr\u00fcfung_24092016.jpg 2000w, https:\/\/www.vfl-grafenwald.de\/wp-content\/uploads\/2016\/09\/tkd_pr\u00fcfung_24092016-300x182.jpg 300w, https:\/\/www.vfl-grafenwald.de\/wp-content\/uploads\/2016\/09\/tkd_pr\u00fcfung_24092016-768x465.jpg 768w, https:\/\/www.vfl-grafenwald.de\/wp-content\/uploads\/2016\/09\/tkd_pr\u00fcfung_24092016-1024x621.jpg 1024w, https:\/\/www.vfl-grafenwald.de\/wp-content\/uploads\/2016\/09\/tkd_pr\u00fcfung_24092016-495x300.jpg 495w\" sizes=\"auto, (max-width: 2000px) 100vw, 2000px\" \/><\/a><p id=\"caption-attachment-1505\" class=\"wp-caption-text\">TKD Pr\u00fcfung 24.09.2016<\/p><\/div><br \/>\nWir gratulieren zur bestanden G\u00fcrtelpr\u00fcfung:<\/p>\n<p>&#8211; Johannes G\u00fcnther (1. Kup)<br \/>\n&#8211; Johannes Duckheim (2. Kup)<br \/>\n&#8211; Daniel Radyk (3. Kup)<br \/>\n&#8211; Sebastian Buil (3. Kup)<br \/>\n&#8211; Merlin Lampart (3. Kup)<br \/>\n&#8211; Jakob Duckheim (4. Kup)<br \/>\n&#8211; Florian Wengerek (6. Kup)<br \/>\n\u2013 Levi Kramer (6. Kup)<br \/>\n\u2013 Stefanie Doussier (6. Kup)<br \/>\n\u2013 Lucas Surzyn (7. Kup)<br \/>\n&#8211; Florian Schm\u00fccker (8. Kup)<br \/>\n&#8211; Phillip Stiegmann (8. Kup)<\/p>\n<p>Gepr\u00fcft wurde in den Bereichen: Formenlauf, Einschrittkampf, Freikampf, Theorie, Selbstverteidigung und Bruchtest. Der Gro\u00dfmeister Robert Macioszek war mit den gezeigten Leistungen sehr zufrieden.<\/p>\n","protected":false},"excerpt":{"rendered":"<p>Wir gratulieren zur bestanden G\u00fcrtelpr\u00fcfung: &#8211; Johannes G\u00fcnther (1. Kup) &#8211; Johannes Duckheim (2. Kup) &#8211; Daniel Radyk (3. Kup) &#8211; Sebastian Buil (3. Kup) &#8211; Merlin Lampart (3. Kup) &#8211; Jakob Duckheim (4. Kup) &#8211; Florian Wengerek (6. Kup) &hellip; <a href=\"https:\/\/www.vfl-grafenwald.de\/?p=1503\">Weiterlesen <span class=\"meta-nav\">&rarr;<\/span><\/a><\/p>\n","protected":false},"author":1,"featured_media":0,"comment_status":"closed","ping_status":"closed","sticky":false,"template":"","format":"standard","meta":{"footnotes":""},"categories":[3],"tags":[14,16],"class_list":["post-1503","post","type-post","status-publish","format-standard","hentry","category-kampfsport","tag-gurtelprufung","tag-tkd"],"_links":{"self":[{"href":"https:\/\/www.vfl-grafenwald.de\/index.php?rest_route=\/wp\/v2\/posts\/1503","targetHints":{"allow":["GET"]}}],"collection":[{"href":"https:\/\/www.vfl-grafenwald.de\/index.php?rest_route=\/wp\/v2\/posts"}],"about":[{"href":"https:\/\/www.vfl-grafenwald.de\/index.php?rest_route=\/wp\/v2\/types\/post"}],"author":[{"embeddable":true,"href":"https:\/\/www.vfl-grafenwald.de\/index.php?rest_route=\/wp\/v2\/users\/1"}],"replies":[{"embeddable":true,"href":"https:\/\/www.vfl-grafenwald.de\/index.php?rest_route=%2Fwp%2Fv2%2Fcomments&post=1503"}],"version-history":[{"count":2,"href":"https:\/\/www.vfl-grafenwald.de\/index.php?rest_route=\/wp\/v2\/posts\/1503\/revisions"}],"predecessor-version":[{"id":1508,"href":"https:\/\/www.vfl-grafenwald.de\/index.php?rest_route=\/wp\/v2\/posts\/1503\/revisions\/1508"}],"wp:attachment":[{"href":"https:\/\/www.vfl-grafenwald.de\/index.php?rest_route=%2Fwp%2Fv2%2Fmedia&parent=1503"}],"wp:term":[{"taxonomy":"category","embeddable":true,"href":"https:\/\/www.vfl-grafenwald.de\/index.php?rest_route=%2Fwp%2Fv2%2Fcategories&post=1503"},{"taxonomy":"post_tag","embeddable":true,"href":"https:\/\/www.vfl-grafenwald.de\/index.php?rest_route=%2Fwp%2Fv2%2Ftags&post=1503"}],"curies":[{"name":"wp","href":"https:\/\/api.w.org\/{rel}","templated":true}]}}