{"id":1451,"date":"2016-08-26T12:11:08","date_gmt":"2016-08-26T10:11:08","guid":{"rendered":"http:\/\/www.vfl-grafenwald.de\/?p=1451"},"modified":"2016-08-26T12:11:21","modified_gmt":"2016-08-26T10:11:21","slug":"der-vfl-grafenwald-hat-ein-neues-praesidium-gewaehlt","status":"publish","type":"post","link":"https:\/\/www.vfl-grafenwald.de\/?p=1451","title":{"rendered":"Der VfL Grafenwald hat ein neues Pr\u00e4sidium gew\u00e4hlt"},"content":{"rendered":"<p><a href=\"http:\/\/www.vfl-grafenwald.de\/wp-content\/uploads\/2016\/08\/2016-08-24-VfL-Grafenwald-Scheidgen-Neuhaus.jpg\"><img loading=\"lazy\" decoding=\"async\" src=\"http:\/\/www.vfl-grafenwald.de\/wp-content\/uploads\/2016\/08\/2016-08-24-VfL-Grafenwald-Scheidgen-Neuhaus-300x194.jpg\" alt=\"2016-08-24 VfL Grafenwald Scheidgen Neuhaus\" width=\"300\" height=\"194\" class=\"aligncenter size-medium wp-image-1452\" srcset=\"https:\/\/www.vfl-grafenwald.de\/wp-content\/uploads\/2016\/08\/2016-08-24-VfL-Grafenwald-Scheidgen-Neuhaus-300x194.jpg 300w, https:\/\/www.vfl-grafenwald.de\/wp-content\/uploads\/2016\/08\/2016-08-24-VfL-Grafenwald-Scheidgen-Neuhaus-768x497.jpg 768w, https:\/\/www.vfl-grafenwald.de\/wp-content\/uploads\/2016\/08\/2016-08-24-VfL-Grafenwald-Scheidgen-Neuhaus-1024x663.jpg 1024w, https:\/\/www.vfl-grafenwald.de\/wp-content\/uploads\/2016\/08\/2016-08-24-VfL-Grafenwald-Scheidgen-Neuhaus-463x300.jpg 463w\" sizes=\"auto, (max-width: 300px) 100vw, 300px\" \/><\/a><\/p>\n<p>16 Jahre stand Berthold Neuhaus (rechts im Bild) dem VfL Grafenwald als Pr\u00e4sident vor. Unter seiner Leitung entwickelte sich der Klub nach einer umfassenden Neuorganisation zum Mehrspartenverein. Gemeinsam mit dem damaligen Vizepr\u00e4sidenten f\u00fcr Finanzen, Reinhold Neises, gestaltete er ma\u00dfgeblich die finanzielle Gesundung des Vereins.<\/p>\n<p>Am Mittwochabend w\u00e4hlten die Delegierten der Abteilungen Breitensport, Einrad, Fu\u00dfball, Kampfsport und Tennis ein neues Pr\u00e4sidium. Sie sprachen sich einstimmig f\u00fcr den bisherigen Vizepr\u00e4sidenten, Dr. Peter Scheidgen (links), als Nachfolger des scheidenden Pr\u00e4sidenten aus. Als Stellvertreter wurde Ralf Scholz aus der Abteilung Tennis gew\u00e4hlt.<\/p>\n","protected":false},"excerpt":{"rendered":"<p>16 Jahre stand Berthold Neuhaus (rechts im Bild) dem VfL Grafenwald als Pr\u00e4sident vor. Unter seiner Leitung entwickelte sich der Klub nach einer umfassenden Neuorganisation zum Mehrspartenverein. Gemeinsam mit dem damaligen Vizepr\u00e4sidenten f\u00fcr Finanzen, Reinhold Neises, gestaltete er ma\u00dfgeblich die &hellip; <a href=\"https:\/\/www.vfl-grafenwald.de\/?p=1451\">Weiterlesen <span class=\"meta-nav\">&rarr;<\/span><\/a><\/p>\n","protected":false},"author":4,"featured_media":0,"comment_status":"closed","ping_status":"closed","sticky":false,"template":"","format":"standard","meta":{"footnotes":""},"categories":[1],"tags":[],"class_list":["post-1451","post","type-post","status-publish","format-standard","hentry","category-verein"],"_links":{"self":[{"href":"https:\/\/www.vfl-grafenwald.de\/index.php?rest_route=\/wp\/v2\/posts\/1451","targetHints":{"allow":["GET"]}}],"collection":[{"href":"https:\/\/www.vfl-grafenwald.de\/index.php?rest_route=\/wp\/v2\/posts"}],"about":[{"href":"https:\/\/www.vfl-grafenwald.de\/index.php?rest_route=\/wp\/v2\/types\/post"}],"author":[{"embeddable":true,"href":"https:\/\/www.vfl-grafenwald.de\/index.php?rest_route=\/wp\/v2\/users\/4"}],"replies":[{"embeddable":true,"href":"https:\/\/www.vfl-grafenwald.de\/index.php?rest_route=%2Fwp%2Fv2%2Fcomments&post=1451"}],"version-history":[{"count":4,"href":"https:\/\/www.vfl-grafenwald.de\/index.php?rest_route=\/wp\/v2\/posts\/1451\/revisions"}],"predecessor-version":[{"id":1456,"href":"https:\/\/www.vfl-grafenwald.de\/index.php?rest_route=\/wp\/v2\/posts\/1451\/revisions\/1456"}],"wp:attachment":[{"href":"https:\/\/www.vfl-grafenwald.de\/index.php?rest_route=%2Fwp%2Fv2%2Fmedia&parent=1451"}],"wp:term":[{"taxonomy":"category","embeddable":true,"href":"https:\/\/www.vfl-grafenwald.de\/index.php?rest_route=%2Fwp%2Fv2%2Fcategories&post=1451"},{"taxonomy":"post_tag","embeddable":true,"href":"https:\/\/www.vfl-grafenwald.de\/index.php?rest_route=%2Fwp%2Fv2%2Ftags&post=1451"}],"curies":[{"name":"wp","href":"https:\/\/api.w.org\/{rel}","templated":true}]}}