{"id":1437,"date":"2016-06-28T14:26:34","date_gmt":"2016-06-28T12:26:34","guid":{"rendered":"http:\/\/www.vfl-grafenwald.de\/?p=1437"},"modified":"2016-06-28T14:27:43","modified_gmt":"2016-06-28T12:27:43","slug":"jugendfussball-grafenwaelder-a-junioren-suchen-verstaerkung","status":"publish","type":"post","link":"https:\/\/www.vfl-grafenwald.de\/?p=1437","title":{"rendered":"Jugendfu\u00dfball: Grafenw\u00e4lder A-Junioren suchen Verst\u00e4rkung"},"content":{"rendered":"<p>Die A-Junioren des VfL Grafenwald beginnen am 19. Juli unter dem neuen Trainer Tim Strohmeier ihre Saisonvorbereitung. Trainiert wird auf der Natur- und Kunstrasenanlage im Waldstadion (Sensenfeld 96) jeweils dienstags, mittwochs und freitags von 18 bis 19.30 Uhr. Ambitionierte Fu\u00dfballer der Jahrg\u00e4nge 1998 und 1999 sind herzlich willkommen, ein Probetraining zu absolvieren. Der \u00e4lteste Grafenw\u00e4lder Nachwuchs geht in sein zweites Jahr in der Kreisliga A des Kreises 12 Gelsenkirchen &#8211; Gladbeck &#8211; Kirchhellen. N\u00e4here Informationen erteilt Tim Strohmeier (mobil 01578-2499476).<\/p>\n","protected":false},"excerpt":{"rendered":"<p>Die A-Junioren des VfL Grafenwald beginnen am 19. Juli unter dem neuen Trainer Tim Strohmeier ihre Saisonvorbereitung. Trainiert wird auf der Natur- und Kunstrasenanlage im Waldstadion (Sensenfeld 96) jeweils dienstags, mittwochs und freitags von 18 bis 19.30 Uhr. Ambitionierte Fu\u00dfballer &hellip; <a href=\"https:\/\/www.vfl-grafenwald.de\/?p=1437\">Weiterlesen <span class=\"meta-nav\">&rarr;<\/span><\/a><\/p>\n","protected":false},"author":4,"featured_media":0,"comment_status":"closed","ping_status":"closed","sticky":false,"template":"","format":"standard","meta":{"footnotes":""},"categories":[1],"tags":[],"class_list":["post-1437","post","type-post","status-publish","format-standard","hentry","category-verein"],"_links":{"self":[{"href":"https:\/\/www.vfl-grafenwald.de\/index.php?rest_route=\/wp\/v2\/posts\/1437","targetHints":{"allow":["GET"]}}],"collection":[{"href":"https:\/\/www.vfl-grafenwald.de\/index.php?rest_route=\/wp\/v2\/posts"}],"about":[{"href":"https:\/\/www.vfl-grafenwald.de\/index.php?rest_route=\/wp\/v2\/types\/post"}],"author":[{"embeddable":true,"href":"https:\/\/www.vfl-grafenwald.de\/index.php?rest_route=\/wp\/v2\/users\/4"}],"replies":[{"embeddable":true,"href":"https:\/\/www.vfl-grafenwald.de\/index.php?rest_route=%2Fwp%2Fv2%2Fcomments&post=1437"}],"version-history":[{"count":1,"href":"https:\/\/www.vfl-grafenwald.de\/index.php?rest_route=\/wp\/v2\/posts\/1437\/revisions"}],"predecessor-version":[{"id":1438,"href":"https:\/\/www.vfl-grafenwald.de\/index.php?rest_route=\/wp\/v2\/posts\/1437\/revisions\/1438"}],"wp:attachment":[{"href":"https:\/\/www.vfl-grafenwald.de\/index.php?rest_route=%2Fwp%2Fv2%2Fmedia&parent=1437"}],"wp:term":[{"taxonomy":"category","embeddable":true,"href":"https:\/\/www.vfl-grafenwald.de\/index.php?rest_route=%2Fwp%2Fv2%2Fcategories&post=1437"},{"taxonomy":"post_tag","embeddable":true,"href":"https:\/\/www.vfl-grafenwald.de\/index.php?rest_route=%2Fwp%2Fv2%2Ftags&post=1437"}],"curies":[{"name":"wp","href":"https:\/\/api.w.org\/{rel}","templated":true}]}}