{"id":1423,"date":"2016-06-20T20:41:55","date_gmt":"2016-06-20T18:41:55","guid":{"rendered":"http:\/\/www.vfl-grafenwald.de\/?p=1423"},"modified":"2016-06-20T21:16:57","modified_gmt":"2016-06-20T19:16:57","slug":"jugendfussball-u15-juniorinnen-zeigen-starke-leistung-im-pokalfinale","status":"publish","type":"post","link":"https:\/\/www.vfl-grafenwald.de\/?p=1423","title":{"rendered":"Jugendfu\u00dfball: U15-Juniorinnen zeigen starke Leistung im Pokalfinale"},"content":{"rendered":"<p>Spielbericht von Andreas Fockenberg<\/p>\n<p>Leider hat es nicht gereicht: Am Samstag, 11. Juni mussten sich die U15-Juniorinnen des VfL Grafenwald im Endspiel um den Pokal der Kreise Gelsenkirchen \/ Herne mit 0:3 (0:1) geschlagen geben. Die Grafenw\u00e4lderinnen zeigten gegen Eintracht Erle in der Schalker Gl\u00fcck-auf-Kampfbahn eine sehr starke, mannschaftlich geschlossene Leistung.<br \/>\nWie zu erwarten war, hatte der U15-Kreismeister aus Erle die gr\u00f6\u00dferen Spielanteile. Doch nur selten gelang es den Gelsenkirchenerinnen, die VfL-Defensive zu \u00fcberwinden. Bezeichnend, dass eine verungl\u00fcckte Flanke, die sich unhaltbar \u00fcber Torh\u00fcterin Lena Heile ins lange Eck senkte, zum 0:1-Pausenstand f\u00fchrte. Die Grafenw\u00e4lderinnen hatten nach Kontern mehrere gute M\u00f6glichkeiten, ein Tor blieb dem VfL-Nachwuchs versagt. Abgekl\u00e4rter pr\u00e4sentierte sich die Eintracht, die Mitte der zweiten Halbzeit mit zwei Treffern innerhalb weniger Minuten f\u00fcr die Entscheidung sorgte.<br \/>\n\u201eF\u00fcr unsere M\u00e4dels ist es ein Riesenerfolg, bis ins Endspiel gekommen zu sein, und den zweiten Platz im Kreis Gelsenkirchen\/Herne erreicht zu haben. An dieser Stelle noch einen herzlichen Gl\u00fcckwunsch an Eintracht Erle\u201c, erkl\u00e4rten die Grafenw\u00e4lder Trainer Andreas Fockenberg und Hermann Hasebrink. \u201eF\u00fcr unsere Mannschaft war der Endspieltag ein gro\u00dfartiges Erlebnis und ein sch\u00f6ner Saisonabschluss.\u201c<\/p>\n<p><a href=\"http:\/\/www.vfl-grafenwald.de\/wp-content\/uploads\/2016\/06\/VFL-U15-Kreispokal-2016.jpg\"><img loading=\"lazy\" decoding=\"async\" src=\"http:\/\/www.vfl-grafenwald.de\/wp-content\/uploads\/2016\/06\/VFL-U15-Kreispokal-2016-300x137.jpg\" alt=\"VFL U15 Kreispokal 2016\" width=\"300\" height=\"137\" class=\"alignnone size-medium wp-image-1424\" srcset=\"https:\/\/www.vfl-grafenwald.de\/wp-content\/uploads\/2016\/06\/VFL-U15-Kreispokal-2016-300x137.jpg 300w, https:\/\/www.vfl-grafenwald.de\/wp-content\/uploads\/2016\/06\/VFL-U15-Kreispokal-2016-768x351.jpg 768w, https:\/\/www.vfl-grafenwald.de\/wp-content\/uploads\/2016\/06\/VFL-U15-Kreispokal-2016-1024x467.jpg 1024w, https:\/\/www.vfl-grafenwald.de\/wp-content\/uploads\/2016\/06\/VFL-U15-Kreispokal-2016-500x228.jpg 500w\" sizes=\"auto, (max-width: 300px) 100vw, 300px\" \/>Unsere Finalistinnen im Kreispokal<\/a><\/p>\n<p>Auf dem Bild (von links nach rechts): Anna Kolke, Amelie Kissenbeck, Sophie Fockenberg, Sophia Hoffmann, Jasmine Bensch, Lena Heile, Julia Jansen, Pauline Fockenberg, Caren Alfes, Maria Nothelle, Chiara Rosrodowski, Marit Stenkamp, Mareike Vienken, Kathi Schr\u00f6rs und Annika Hasebrink mit ihren Trainern Hermann Hasebrink und Andreas Fockenberg, zur Verf\u00fcgung gestellt vom Kreis 12 Gelsenkirchen.<br \/>\nDie Fotostrecke des Kreises enth\u00e4lt weiteres umfangreiches Bildmaterial: <a href=\"http:\/\/http:\/\/www.flvw-kreis-12.net\/fotogalerien\/fotos-junioren-juniorinnen.html\">Fotostrecken Kreispokalfinale<\/a><\/p>\n","protected":false},"excerpt":{"rendered":"<p>Spielbericht von Andreas Fockenberg Leider hat es nicht gereicht: Am Samstag, 11. Juni mussten sich die U15-Juniorinnen des VfL Grafenwald im Endspiel um den Pokal der Kreise Gelsenkirchen \/ Herne mit 0:3 (0:1) geschlagen geben. Die Grafenw\u00e4lderinnen zeigten gegen Eintracht &hellip; <a href=\"https:\/\/www.vfl-grafenwald.de\/?p=1423\">Weiterlesen <span class=\"meta-nav\">&rarr;<\/span><\/a><\/p>\n","protected":false},"author":4,"featured_media":0,"comment_status":"closed","ping_status":"closed","sticky":false,"template":"","format":"standard","meta":{"footnotes":""},"categories":[4,1],"tags":[22],"class_list":["post-1423","post","type-post","status-publish","format-standard","hentry","category-fussball","category-verein","tag-jugend"],"_links":{"self":[{"href":"https:\/\/www.vfl-grafenwald.de\/index.php?rest_route=\/wp\/v2\/posts\/1423","targetHints":{"allow":["GET"]}}],"collection":[{"href":"https:\/\/www.vfl-grafenwald.de\/index.php?rest_route=\/wp\/v2\/posts"}],"about":[{"href":"https:\/\/www.vfl-grafenwald.de\/index.php?rest_route=\/wp\/v2\/types\/post"}],"author":[{"embeddable":true,"href":"https:\/\/www.vfl-grafenwald.de\/index.php?rest_route=\/wp\/v2\/users\/4"}],"replies":[{"embeddable":true,"href":"https:\/\/www.vfl-grafenwald.de\/index.php?rest_route=%2Fwp%2Fv2%2Fcomments&post=1423"}],"version-history":[{"count":3,"href":"https:\/\/www.vfl-grafenwald.de\/index.php?rest_route=\/wp\/v2\/posts\/1423\/revisions"}],"predecessor-version":[{"id":1427,"href":"https:\/\/www.vfl-grafenwald.de\/index.php?rest_route=\/wp\/v2\/posts\/1423\/revisions\/1427"}],"wp:attachment":[{"href":"https:\/\/www.vfl-grafenwald.de\/index.php?rest_route=%2Fwp%2Fv2%2Fmedia&parent=1423"}],"wp:term":[{"taxonomy":"category","embeddable":true,"href":"https:\/\/www.vfl-grafenwald.de\/index.php?rest_route=%2Fwp%2Fv2%2Fcategories&post=1423"},{"taxonomy":"post_tag","embeddable":true,"href":"https:\/\/www.vfl-grafenwald.de\/index.php?rest_route=%2Fwp%2Fv2%2Ftags&post=1423"}],"curies":[{"name":"wp","href":"https:\/\/api.w.org\/{rel}","templated":true}]}}