{"id":1416,"date":"2016-06-09T11:40:04","date_gmt":"2016-06-09T09:40:04","guid":{"rendered":"http:\/\/www.vfl-grafenwald.de\/?p=1416"},"modified":"2016-06-16T10:51:41","modified_gmt":"2016-06-16T08:51:41","slug":"primax-cup-turnierplaene-sind-online","status":"publish","type":"post","link":"https:\/\/www.vfl-grafenwald.de\/?p=1416","title":{"rendered":"Primax-Cup: Turnierpl\u00e4ne sind online"},"content":{"rendered":"<p>Wichtiger Hinweis: Wir bitten alle Besucher, denen es m\u00f6glich ist, zu Fu\u00df oder mit dem Fahrrad zum Sportplatz zu kommen.<\/p>\n<p><a href=\"http:\/\/www.vfl-grafenwald.de\/wp-content\/uploads\/2016\/06\/Primax.png\"><img loading=\"lazy\" decoding=\"async\" src=\"http:\/\/www.vfl-grafenwald.de\/wp-content\/uploads\/2016\/06\/Primax-209x300.png\" alt=\"Primax\" width=\"209\" height=\"300\" class=\"alignnone size-medium wp-image-1417\" srcset=\"https:\/\/www.vfl-grafenwald.de\/wp-content\/uploads\/2016\/06\/Primax-209x300.png 209w, https:\/\/www.vfl-grafenwald.de\/wp-content\/uploads\/2016\/06\/Primax.png 592w\" sizes=\"auto, (max-width: 209px) 100vw, 209px\" \/><\/a><\/p>\n<p>Turnierpl\u00e4ne bei meinturnierplan.de<\/p>\n<p><a href=\"https:\/\/www.meinturnierplan.de\/exec.php?rid=aNYe9L8BhsUk\">G-Junioren<\/a><\/p>\n<p><a href=\"https:\/\/www.meinturnierplan.de\/exec.php?rid=u3Woa-a7OXPz\">F2-Junioren<\/a><\/p>\n<p><a href=\"https:\/\/www.meinturnierplan.de\/exec.php?rid=QPwY4mV6yAmL\">F1-Junioren<\/a><\/p>\n<p><a href=\"https:\/\/www.meinturnierplan.de\/exec.php?rid=dip2RF3m6490\">E2-Junioren<\/a><\/p>\n<p><a href=\"https:\/\/www.meinturnierplan.de\/exec.php?rid=wAZ5VTeFMth-\">E1-Junioren<\/a><\/p>\n<p><a href=\"https:\/\/www.meinturnierplan.de\/exec.php?rid=KEgqB9RDbbxX\">D-Junioren<\/a><\/p>\n","protected":false},"excerpt":{"rendered":"<p>Wichtiger Hinweis: Wir bitten alle Besucher, denen es m\u00f6glich ist, zu Fu\u00df oder mit dem Fahrrad zum Sportplatz zu kommen. Turnierpl\u00e4ne bei meinturnierplan.de G-Junioren F2-Junioren F1-Junioren E2-Junioren E1-Junioren D-Junioren<\/p>\n","protected":false},"author":4,"featured_media":0,"comment_status":"closed","ping_status":"closed","sticky":false,"template":"","format":"standard","meta":{"footnotes":""},"categories":[4,1],"tags":[22,58],"class_list":["post-1416","post","type-post","status-publish","format-standard","hentry","category-fussball","category-verein","tag-jugend","tag-primax"],"_links":{"self":[{"href":"https:\/\/www.vfl-grafenwald.de\/index.php?rest_route=\/wp\/v2\/posts\/1416","targetHints":{"allow":["GET"]}}],"collection":[{"href":"https:\/\/www.vfl-grafenwald.de\/index.php?rest_route=\/wp\/v2\/posts"}],"about":[{"href":"https:\/\/www.vfl-grafenwald.de\/index.php?rest_route=\/wp\/v2\/types\/post"}],"author":[{"embeddable":true,"href":"https:\/\/www.vfl-grafenwald.de\/index.php?rest_route=\/wp\/v2\/users\/4"}],"replies":[{"embeddable":true,"href":"https:\/\/www.vfl-grafenwald.de\/index.php?rest_route=%2Fwp%2Fv2%2Fcomments&post=1416"}],"version-history":[{"count":4,"href":"https:\/\/www.vfl-grafenwald.de\/index.php?rest_route=\/wp\/v2\/posts\/1416\/revisions"}],"predecessor-version":[{"id":1422,"href":"https:\/\/www.vfl-grafenwald.de\/index.php?rest_route=\/wp\/v2\/posts\/1416\/revisions\/1422"}],"wp:attachment":[{"href":"https:\/\/www.vfl-grafenwald.de\/index.php?rest_route=%2Fwp%2Fv2%2Fmedia&parent=1416"}],"wp:term":[{"taxonomy":"category","embeddable":true,"href":"https:\/\/www.vfl-grafenwald.de\/index.php?rest_route=%2Fwp%2Fv2%2Fcategories&post=1416"},{"taxonomy":"post_tag","embeddable":true,"href":"https:\/\/www.vfl-grafenwald.de\/index.php?rest_route=%2Fwp%2Fv2%2Ftags&post=1416"}],"curies":[{"name":"wp","href":"https:\/\/api.w.org\/{rel}","templated":true}]}}