{"id":1394,"date":"2016-05-09T20:39:42","date_gmt":"2016-05-09T18:39:42","guid":{"rendered":"http:\/\/www.vfl-grafenwald.de\/?p=1394"},"modified":"2016-05-09T22:38:54","modified_gmt":"2016-05-09T20:38:54","slug":"einrad-lara-kubiczek-und-u15-erfahren-sich-den-deutschen-meister-titel","status":"publish","type":"post","link":"https:\/\/www.vfl-grafenwald.de\/?p=1394","title":{"rendered":"Einrad: Lara Kubiczek und U15 erfahren sich den Deutschen Meister-Titel"},"content":{"rendered":"<p>Kleine ganz gro\u00df<br \/>\nvon Kathi Boll<\/p>\n<p>Die Einrad Abteilung des VfL Grafenwald blickt zur\u00fcck auf eine erfolgreiche, nervenaufreibende und spannende 8. Deutsche Meisterschaft im Einrad Freestyle. Anfang Mai richtete der erfolgreiche Verein die Meisterschaft in der Dieter-Renz-Halle aus. Trotz sommerlichen 25 Grad und strahlendem Sonnenschein lie\u00dfen es sich Hunderte begeisterte Zuschauer nicht nehmen, das Spektakel anzuschauen. Denn die rund 230 Einradfahrer aus 19 verschiedenen Vereinen aus ganz Deutschland hatten wieder einmalige K\u00fcren im Gep\u00e4ck und begeisterten mit tollen Kost\u00fcmen, beeindruckenden Einradtricks und liebevoll durchdachten Showeinlagen.<\/p>\n<p>In den Kategorien Einzel-, Paar-, Klein- und Gro\u00dfgruppenk\u00fcren wurden die Deutschen Meistertitel vergeben. Und in allen Kategorien waren auch immer die ehrgeizigen Fahrer des VfL Grafenwald oben mit dabei.<\/p>\n<p>In den Einzelk\u00fcren schaffte es Jan Vocke auf den dritten Platz bei den M\u00e4nnern. Lisa Rottmann darf sich von nun an Vize-Juniorenmeisterin nennen. Sie begeisterte die Jury mit ihrer K\u00fcr zum Thema \u201eSupergirl\u201c. Eine wahre K\u00e4mpferin ist auch Lara Kubiczek. Sie freut sich \u00fcber den Meistertitel in der Expert Kategorie \u201eDamen 15+\u201c und das zu Recht. Sie absolvierte sowohl im Vorlauf als auch im Finale einen fehlerfreien Durchlauf ihrer K\u00fcr zum Thema \u201eWarrior\u201c.<\/p>\n<p><a href=\"http:\/\/www.vfl-grafenwald.de\/wp-content\/uploads\/2016\/05\/Lara2.jpg\"><img loading=\"lazy\" decoding=\"async\" src=\"http:\/\/www.vfl-grafenwald.de\/wp-content\/uploads\/2016\/05\/Lara2-300x200.jpg\" alt=\"Lara2\" width=\"300\" height=\"200\" class=\"alignnone size-medium wp-image-1396\" srcset=\"https:\/\/www.vfl-grafenwald.de\/wp-content\/uploads\/2016\/05\/Lara2-300x200.jpg 300w, https:\/\/www.vfl-grafenwald.de\/wp-content\/uploads\/2016\/05\/Lara2-768x512.jpg 768w, https:\/\/www.vfl-grafenwald.de\/wp-content\/uploads\/2016\/05\/Lara2-450x300.jpg 450w, https:\/\/www.vfl-grafenwald.de\/wp-content\/uploads\/2016\/05\/Lara2.jpg 800w\" sizes=\"auto, (max-width: 300px) 100vw, 300px\" \/><\/a><\/p>\n<p>Doch nicht nur in ihrer Einzelk\u00fcr gl\u00e4nzte die 16-j\u00e4hrige Grafenw\u00e4lderin, auch mit ihrer Paark\u00fcr-Partnerin Leah Herbert kam sie in die Finall\u00e4ufe. Beide freuen sich \u00fcber den dritten Platz in der Expert Kategorie \u201ePaark\u00fcr 15+\u201c.<\/p>\n<p>Eine sch\u00f6ne \u00dcberraschung feierte ebenfalls die Kleingruppenk\u00fcr des VfL. Die acht Fahrerinnen entschieden sich zu einem spontanen Auftritt und meldeten sich zwei Wochen vor der Meisterschaft nach. Trotz der kurzen Trainingsphase erreichten sie freudestrahlend den dritten Platz.<\/p>\n<p><a href=\"http:\/\/www.vfl-grafenwald.de\/wp-content\/uploads\/2016\/05\/kleingruppe.jpg\"><img loading=\"lazy\" decoding=\"async\" src=\"http:\/\/www.vfl-grafenwald.de\/wp-content\/uploads\/2016\/05\/kleingruppe-225x300.jpg\" alt=\"kleingruppe\" width=\"225\" height=\"300\" class=\"alignnone size-medium wp-image-1398\" srcset=\"https:\/\/www.vfl-grafenwald.de\/wp-content\/uploads\/2016\/05\/kleingruppe-225x300.jpg 225w, https:\/\/www.vfl-grafenwald.de\/wp-content\/uploads\/2016\/05\/kleingruppe-768x1024.jpg 768w, https:\/\/www.vfl-grafenwald.de\/wp-content\/uploads\/2016\/05\/kleingruppe.jpg 1200w\" sizes=\"auto, (max-width: 225px) 100vw, 225px\" \/><\/a><\/p>\n<p>Ebenfalls auf den dritten Platz landete die Gro\u00dfgruppenk\u00fcr 15+ des Grafenw\u00e4lder Vereins.<\/p>\n<p><a href=\"http:\/\/www.vfl-grafenwald.de\/wp-content\/uploads\/2016\/05\/Moskau1.jpg\"><img loading=\"lazy\" decoding=\"async\" src=\"http:\/\/www.vfl-grafenwald.de\/wp-content\/uploads\/2016\/05\/Moskau1-300x200.jpg\" alt=\"Moskau1\" width=\"300\" height=\"200\" class=\"alignnone size-medium wp-image-1399\" srcset=\"https:\/\/www.vfl-grafenwald.de\/wp-content\/uploads\/2016\/05\/Moskau1-300x200.jpg 300w, https:\/\/www.vfl-grafenwald.de\/wp-content\/uploads\/2016\/05\/Moskau1-768x512.jpg 768w, https:\/\/www.vfl-grafenwald.de\/wp-content\/uploads\/2016\/05\/Moskau1-1024x682.jpg 1024w, https:\/\/www.vfl-grafenwald.de\/wp-content\/uploads\/2016\/05\/Moskau1-450x300.jpg 450w\" sizes=\"auto, (max-width: 300px) 100vw, 300px\" \/><\/a><\/p>\n<p>Doch am meisten freuten sich wohl die kleinsten Fahrer des VfL Grafenwalds. Die Gro\u00dfgruppenk\u00fcr unter 15 Jahren lieferte einen nahezu perfekten Durchgang ihrer K\u00fcr zum Thema \u201ePizzab\u00e4cker\u201c und erreichten damit den ersten Platz. So waren an der diesj\u00e4hrigen Deutschen Meisterschaft mal die kleinen Fahrerinnen ganz gro\u00df.<\/p>\n<p><a href=\"http:\/\/www.vfl-grafenwald.de\/wp-content\/uploads\/2016\/05\/Italia3.jpg\"><img loading=\"lazy\" decoding=\"async\" src=\"http:\/\/www.vfl-grafenwald.de\/wp-content\/uploads\/2016\/05\/Italia3-300x200.jpg\" alt=\"Italia3\" width=\"300\" height=\"200\" class=\"alignnone size-medium wp-image-1400\" srcset=\"https:\/\/www.vfl-grafenwald.de\/wp-content\/uploads\/2016\/05\/Italia3-300x200.jpg 300w, https:\/\/www.vfl-grafenwald.de\/wp-content\/uploads\/2016\/05\/Italia3-768x512.jpg 768w, https:\/\/www.vfl-grafenwald.de\/wp-content\/uploads\/2016\/05\/Italia3-1024x683.jpg 1024w, https:\/\/www.vfl-grafenwald.de\/wp-content\/uploads\/2016\/05\/Italia3-450x300.jpg 450w\" sizes=\"auto, (max-width: 300px) 100vw, 300px\" \/><\/a><\/p>\n<p>Ein besonderes Dankesch\u00f6n richtet der Verein auch an die zahlreichen Helfer, die eine solche Meisterschaft erst m\u00f6glich gemacht haben. Nun blicken die Fahrer nach Vorne. Sie bereiten sich auf die Weltmeisterschaft in Spanien vor und sind guter Dinge auch dort tolle Ergebnisse zu erzielen.<\/p>\n","protected":false},"excerpt":{"rendered":"<p>Kleine ganz gro\u00df von Kathi Boll Die Einrad Abteilung des VfL Grafenwald blickt zur\u00fcck auf eine erfolgreiche, nervenaufreibende und spannende 8. Deutsche Meisterschaft im Einrad Freestyle. Anfang Mai richtete der erfolgreiche Verein die Meisterschaft in der Dieter-Renz-Halle aus. Trotz sommerlichen &hellip; <a href=\"https:\/\/www.vfl-grafenwald.de\/?p=1394\">Weiterlesen <span class=\"meta-nav\">&rarr;<\/span><\/a><\/p>\n","protected":false},"author":4,"featured_media":0,"comment_status":"closed","ping_status":"closed","sticky":false,"template":"","format":"standard","meta":{"footnotes":""},"categories":[5],"tags":[],"class_list":["post-1394","post","type-post","status-publish","format-standard","hentry","category-einrad"],"_links":{"self":[{"href":"https:\/\/www.vfl-grafenwald.de\/index.php?rest_route=\/wp\/v2\/posts\/1394","targetHints":{"allow":["GET"]}}],"collection":[{"href":"https:\/\/www.vfl-grafenwald.de\/index.php?rest_route=\/wp\/v2\/posts"}],"about":[{"href":"https:\/\/www.vfl-grafenwald.de\/index.php?rest_route=\/wp\/v2\/types\/post"}],"author":[{"embeddable":true,"href":"https:\/\/www.vfl-grafenwald.de\/index.php?rest_route=\/wp\/v2\/users\/4"}],"replies":[{"embeddable":true,"href":"https:\/\/www.vfl-grafenwald.de\/index.php?rest_route=%2Fwp%2Fv2%2Fcomments&post=1394"}],"version-history":[{"count":4,"href":"https:\/\/www.vfl-grafenwald.de\/index.php?rest_route=\/wp\/v2\/posts\/1394\/revisions"}],"predecessor-version":[{"id":1402,"href":"https:\/\/www.vfl-grafenwald.de\/index.php?rest_route=\/wp\/v2\/posts\/1394\/revisions\/1402"}],"wp:attachment":[{"href":"https:\/\/www.vfl-grafenwald.de\/index.php?rest_route=%2Fwp%2Fv2%2Fmedia&parent=1394"}],"wp:term":[{"taxonomy":"category","embeddable":true,"href":"https:\/\/www.vfl-grafenwald.de\/index.php?rest_route=%2Fwp%2Fv2%2Fcategories&post=1394"},{"taxonomy":"post_tag","embeddable":true,"href":"https:\/\/www.vfl-grafenwald.de\/index.php?rest_route=%2Fwp%2Fv2%2Ftags&post=1394"}],"curies":[{"name":"wp","href":"https:\/\/api.w.org\/{rel}","templated":true}]}}