{"id":1389,"date":"2016-05-08T12:52:36","date_gmt":"2016-05-08T10:52:36","guid":{"rendered":"http:\/\/www.vfl-grafenwald.de\/?p=1389"},"modified":"2016-05-08T12:54:22","modified_gmt":"2016-05-08T10:54:22","slug":"regionalpokal-finale-unserer-u15-juniorinnen-am-11-juni","status":"publish","type":"post","link":"https:\/\/www.vfl-grafenwald.de\/?p=1389","title":{"rendered":"Regionalpokal: Finale unserer U15-Juniorinnen am 11. Juni"},"content":{"rendered":"<p>Die U15-Juniorinnen des VfL Grafenwald spielen in diesem Jahr um den Regionalpokal der Kreise Gelsenkirchen und Herne. Das Finale wird am 11. Juni 2016 auf der Kunstrasenanlage der Gl\u00fcck-Auf-Kampfbahn in Gelsenkirchen (Anpfiff 14 Uhr) stattfinden. Gegner ist das Team von Eintracht Erle.<br \/>\nDie Grafenw\u00e4lderinnen gewannen im Halbfinale beim Erler SV 08 mit 1:0. In der Begegnung, die erst in der letzten Minute der Verl\u00e4ngerung entschieden wurde, bewiesen sie echte Pokalqualit\u00e4ten.<\/p>\n","protected":false},"excerpt":{"rendered":"<p>Die U15-Juniorinnen des VfL Grafenwald spielen in diesem Jahr um den Regionalpokal der Kreise Gelsenkirchen und Herne. Das Finale wird am 11. Juni 2016 auf der Kunstrasenanlage der Gl\u00fcck-Auf-Kampfbahn in Gelsenkirchen (Anpfiff 14 Uhr) stattfinden. Gegner ist das Team von &hellip; <a href=\"https:\/\/www.vfl-grafenwald.de\/?p=1389\">Weiterlesen <span class=\"meta-nav\">&rarr;<\/span><\/a><\/p>\n","protected":false},"author":4,"featured_media":0,"comment_status":"closed","ping_status":"closed","sticky":false,"template":"","format":"standard","meta":{"footnotes":""},"categories":[4],"tags":[],"class_list":["post-1389","post","type-post","status-publish","format-standard","hentry","category-fussball"],"_links":{"self":[{"href":"https:\/\/www.vfl-grafenwald.de\/index.php?rest_route=\/wp\/v2\/posts\/1389","targetHints":{"allow":["GET"]}}],"collection":[{"href":"https:\/\/www.vfl-grafenwald.de\/index.php?rest_route=\/wp\/v2\/posts"}],"about":[{"href":"https:\/\/www.vfl-grafenwald.de\/index.php?rest_route=\/wp\/v2\/types\/post"}],"author":[{"embeddable":true,"href":"https:\/\/www.vfl-grafenwald.de\/index.php?rest_route=\/wp\/v2\/users\/4"}],"replies":[{"embeddable":true,"href":"https:\/\/www.vfl-grafenwald.de\/index.php?rest_route=%2Fwp%2Fv2%2Fcomments&post=1389"}],"version-history":[{"count":2,"href":"https:\/\/www.vfl-grafenwald.de\/index.php?rest_route=\/wp\/v2\/posts\/1389\/revisions"}],"predecessor-version":[{"id":1391,"href":"https:\/\/www.vfl-grafenwald.de\/index.php?rest_route=\/wp\/v2\/posts\/1389\/revisions\/1391"}],"wp:attachment":[{"href":"https:\/\/www.vfl-grafenwald.de\/index.php?rest_route=%2Fwp%2Fv2%2Fmedia&parent=1389"}],"wp:term":[{"taxonomy":"category","embeddable":true,"href":"https:\/\/www.vfl-grafenwald.de\/index.php?rest_route=%2Fwp%2Fv2%2Fcategories&post=1389"},{"taxonomy":"post_tag","embeddable":true,"href":"https:\/\/www.vfl-grafenwald.de\/index.php?rest_route=%2Fwp%2Fv2%2Ftags&post=1389"}],"curies":[{"name":"wp","href":"https:\/\/api.w.org\/{rel}","templated":true}]}}