{"id":1380,"date":"2016-05-01T21:55:54","date_gmt":"2016-05-01T19:55:54","guid":{"rendered":"http:\/\/www.vfl-grafenwald.de\/?p=1380"},"modified":"2016-05-08T12:49:33","modified_gmt":"2016-05-08T10:49:33","slug":"vorfuehrung-der-abteilung-kampfsport-am-30-05-2016","status":"publish","type":"post","link":"https:\/\/www.vfl-grafenwald.de\/?p=1380","title":{"rendered":"Vorf\u00fchrung der Abteilung Kampfsport am 30.04.2016"},"content":{"rendered":"<p>Die Bilder der Vorf\u00fchrung der Abteilung Kampfsport auf dem Maifest des Sch\u00fctzenvereins Grafenwald am 30.04.2016 sind online.<\/p>\n<p><a href=\"http:\/\/galerie.vfl-grafenwald.de\/thumbnails.php?album=72\">http:\/\/galerie.vfl-grafenwald.de\/thumbnails.php?album=72<\/a><\/p>\n<p>Vielen Dank an alle Teilnehmer, Zuschauer und nat\u00fcrlich den Sch\u00fctzenverein f\u00fcr die gelungene Vorf\u00fchrung!<\/p>\n","protected":false},"excerpt":{"rendered":"<p>Die Bilder der Vorf\u00fchrung der Abteilung Kampfsport auf dem Maifest des Sch\u00fctzenvereins Grafenwald am 30.04.2016 sind online. http:\/\/galerie.vfl-grafenwald.de\/thumbnails.php?album=72 Vielen Dank an alle Teilnehmer, Zuschauer und nat\u00fcrlich den Sch\u00fctzenverein f\u00fcr die gelungene Vorf\u00fchrung!<\/p>\n","protected":false},"author":1,"featured_media":0,"comment_status":"closed","ping_status":"closed","sticky":false,"template":"","format":"standard","meta":{"footnotes":""},"categories":[3],"tags":[47,16,57],"class_list":["post-1380","post","type-post","status-publish","format-standard","hentry","category-kampfsport","tag-bujinkan","tag-tkd","tag-vorfuehrung"],"_links":{"self":[{"href":"https:\/\/www.vfl-grafenwald.de\/index.php?rest_route=\/wp\/v2\/posts\/1380","targetHints":{"allow":["GET"]}}],"collection":[{"href":"https:\/\/www.vfl-grafenwald.de\/index.php?rest_route=\/wp\/v2\/posts"}],"about":[{"href":"https:\/\/www.vfl-grafenwald.de\/index.php?rest_route=\/wp\/v2\/types\/post"}],"author":[{"embeddable":true,"href":"https:\/\/www.vfl-grafenwald.de\/index.php?rest_route=\/wp\/v2\/users\/1"}],"replies":[{"embeddable":true,"href":"https:\/\/www.vfl-grafenwald.de\/index.php?rest_route=%2Fwp%2Fv2%2Fcomments&post=1380"}],"version-history":[{"count":3,"href":"https:\/\/www.vfl-grafenwald.de\/index.php?rest_route=\/wp\/v2\/posts\/1380\/revisions"}],"predecessor-version":[{"id":1388,"href":"https:\/\/www.vfl-grafenwald.de\/index.php?rest_route=\/wp\/v2\/posts\/1380\/revisions\/1388"}],"wp:attachment":[{"href":"https:\/\/www.vfl-grafenwald.de\/index.php?rest_route=%2Fwp%2Fv2%2Fmedia&parent=1380"}],"wp:term":[{"taxonomy":"category","embeddable":true,"href":"https:\/\/www.vfl-grafenwald.de\/index.php?rest_route=%2Fwp%2Fv2%2Fcategories&post=1380"},{"taxonomy":"post_tag","embeddable":true,"href":"https:\/\/www.vfl-grafenwald.de\/index.php?rest_route=%2Fwp%2Fv2%2Ftags&post=1380"}],"curies":[{"name":"wp","href":"https:\/\/api.w.org\/{rel}","templated":true}]}}