{"id":1324,"date":"2016-03-07T17:42:03","date_gmt":"2016-03-07T16:42:03","guid":{"rendered":"http:\/\/www.vfl-grafenwald.de\/?p=1324"},"modified":"2016-03-07T18:13:30","modified_gmt":"2016-03-07T17:13:30","slug":"jugendfussball-f2-junioren-freuen-sich-ueber-neue-ausstattung","status":"publish","type":"post","link":"https:\/\/www.vfl-grafenwald.de\/?p=1324","title":{"rendered":"Jugendfu\u00dfball: F2-Junioren freuen sich \u00fcber neue Ausstattung"},"content":{"rendered":"<p>Vollausstatung im Autohaus Bellendorf<\/p>\n<p>von Ad\u00e9rito Cordeiro<\/p>\n<p>Vollausstattung hei\u00dft es nicht nur f\u00fcr die im Autohaus erh\u00e4ltlichen Fahrzeuge, sondern auch f\u00fcr die F2-Junioren des VfL Grafenwald. Das Autohaus Bellendorf, die BAUPART GmbH und das Bauunternehmen Kalde r\u00fcsteten die W\u00f6ller mit neuen Trikots und Teamjacken aus. Die Freude \u00fcber diese ersten nigelnagelneuen Trikots des Teams war so gro\u00df, dass die Kinder sie gar nicht mehr ausziehen wollten. Und auch die neuen Teamjacken vom Bauunternehmen Kalde d\u00fcrfen zuk\u00fcnftig bei Treffen vor den Spielen nicht fehlen.<\/p>\n<p>Der VfL Grafenwald freut sich \u00fcber dieses besondere Teamwork der drei Unternehmen und bedankt sich sehr herzlich f\u00fcr die gro\u00dfz\u00fcgige Unterst\u00fctzung. Den F2-Junioren w\u00fcnschen wir viel Spa\u00df und Erfolg in der bevorstehenden R\u00fcckrunde.<\/p>\n<p><a href=\"http:\/\/www.vfl-grafenwald.de\/wp-content\/uploads\/2016\/03\/vfl_grafenwald_f2-jugend_-_teamjacken_redux_400_01.jpg\" rel=\"attachment wp-att-1346\"><img loading=\"lazy\" decoding=\"async\" src=\"http:\/\/www.vfl-grafenwald.de\/wp-content\/uploads\/2016\/03\/vfl_grafenwald_f2-jugend_-_teamjacken_redux_400_01-300x194.jpg\" alt=\"vfl_grafenwald_f2-jugend_-_teamjacken_redux_400_01\" width=\"300\" height=\"194\" class=\"alignnone size-medium wp-image-1346\" srcset=\"https:\/\/www.vfl-grafenwald.de\/wp-content\/uploads\/2016\/03\/vfl_grafenwald_f2-jugend_-_teamjacken_redux_400_01-300x194.jpg 300w, https:\/\/www.vfl-grafenwald.de\/wp-content\/uploads\/2016\/03\/vfl_grafenwald_f2-jugend_-_teamjacken_redux_400_01.jpg 400w\" sizes=\"auto, (max-width: 300px) 100vw, 300px\" \/><\/a><\/p>\n<p><a href=\"http:\/\/www.vfl-grafenwald.de\/wp-content\/uploads\/2016\/03\/vfl_grafenwald_f2-jugend_-_trikots_redux_400_01.jpg\" rel=\"attachment wp-att-1347\"><img loading=\"lazy\" decoding=\"async\" src=\"http:\/\/www.vfl-grafenwald.de\/wp-content\/uploads\/2016\/03\/vfl_grafenwald_f2-jugend_-_trikots_redux_400_01-300x261.jpg\" alt=\"vfl_grafenwald_f2-jugend_-_trikots_redux_400_01\" width=\"300\" height=\"261\" class=\"alignnone size-medium wp-image-1347\" srcset=\"https:\/\/www.vfl-grafenwald.de\/wp-content\/uploads\/2016\/03\/vfl_grafenwald_f2-jugend_-_trikots_redux_400_01-300x261.jpg 300w, https:\/\/www.vfl-grafenwald.de\/wp-content\/uploads\/2016\/03\/vfl_grafenwald_f2-jugend_-_trikots_redux_400_01-345x300.jpg 345w, https:\/\/www.vfl-grafenwald.de\/wp-content\/uploads\/2016\/03\/vfl_grafenwald_f2-jugend_-_trikots_redux_400_01.jpg 400w\" sizes=\"auto, (max-width: 300px) 100vw, 300px\" \/><\/a><\/p>\n<p>Auf den Bildern freuen sich unsere F2 und Trainer Ad\u00e9rito Cordeiro mit ihren G\u00f6nnern Christoph und Tobias Bellendorf (Autohaus Bellendorf) und R\u00fcdiger Tannh\u00e4user (BAUPART GmbH, Niederlassungsleiter in Bottrop).<\/p>\n","protected":false},"excerpt":{"rendered":"<p>Vollausstatung im Autohaus Bellendorf von Ad\u00e9rito Cordeiro Vollausstattung hei\u00dft es nicht nur f\u00fcr die im Autohaus erh\u00e4ltlichen Fahrzeuge, sondern auch f\u00fcr die F2-Junioren des VfL Grafenwald. Das Autohaus Bellendorf, die BAUPART GmbH und das Bauunternehmen Kalde r\u00fcsteten die W\u00f6ller mit &hellip; <a href=\"https:\/\/www.vfl-grafenwald.de\/?p=1324\">Weiterlesen <span class=\"meta-nav\">&rarr;<\/span><\/a><\/p>\n","protected":false},"author":4,"featured_media":0,"comment_status":"closed","ping_status":"closed","sticky":false,"template":"","format":"image","meta":{"footnotes":""},"categories":[4,1],"tags":[22],"class_list":["post-1324","post","type-post","status-publish","format-image","hentry","category-fussball","category-verein","tag-jugend","post_format-post-format-image"],"_links":{"self":[{"href":"https:\/\/www.vfl-grafenwald.de\/index.php?rest_route=\/wp\/v2\/posts\/1324","targetHints":{"allow":["GET"]}}],"collection":[{"href":"https:\/\/www.vfl-grafenwald.de\/index.php?rest_route=\/wp\/v2\/posts"}],"about":[{"href":"https:\/\/www.vfl-grafenwald.de\/index.php?rest_route=\/wp\/v2\/types\/post"}],"author":[{"embeddable":true,"href":"https:\/\/www.vfl-grafenwald.de\/index.php?rest_route=\/wp\/v2\/users\/4"}],"replies":[{"embeddable":true,"href":"https:\/\/www.vfl-grafenwald.de\/index.php?rest_route=%2Fwp%2Fv2%2Fcomments&post=1324"}],"version-history":[{"count":15,"href":"https:\/\/www.vfl-grafenwald.de\/index.php?rest_route=\/wp\/v2\/posts\/1324\/revisions"}],"predecessor-version":[{"id":1348,"href":"https:\/\/www.vfl-grafenwald.de\/index.php?rest_route=\/wp\/v2\/posts\/1324\/revisions\/1348"}],"wp:attachment":[{"href":"https:\/\/www.vfl-grafenwald.de\/index.php?rest_route=%2Fwp%2Fv2%2Fmedia&parent=1324"}],"wp:term":[{"taxonomy":"category","embeddable":true,"href":"https:\/\/www.vfl-grafenwald.de\/index.php?rest_route=%2Fwp%2Fv2%2Fcategories&post=1324"},{"taxonomy":"post_tag","embeddable":true,"href":"https:\/\/www.vfl-grafenwald.de\/index.php?rest_route=%2Fwp%2Fv2%2Ftags&post=1324"}],"curies":[{"name":"wp","href":"https:\/\/api.w.org\/{rel}","templated":true}]}}