{"id":1315,"date":"2016-03-07T14:32:23","date_gmt":"2016-03-07T13:32:23","guid":{"rendered":"http:\/\/www.vfl-grafenwald.de\/?p=1315"},"modified":"2016-03-07T14:39:07","modified_gmt":"2016-03-07T13:39:07","slug":"jugendfussball-11-woeller-siegen-mit-40-bei-preussen-gladbeck","status":"publish","type":"post","link":"https:\/\/www.vfl-grafenwald.de\/?p=1315","title":{"rendered":"Jugendfu\u00dfball: 11 W\u00f6ller siegen mit 4:0 bei Preu\u00dfen Gladbeck"},"content":{"rendered":"<p>SG Preu\u00dfen Gladbeck- VfL Grafenwald 0:4 (0:2)<\/p>\n<p>von J\u00f6rg Sievers<\/p>\n<p>Die W\u00f6ller A-Junioren fuhren stark ersatzgeschw\u00e4cht zum Derby nach Gladbeck; nur elf Spieler standen den Trainern Sven Kaminski und J\u00f6rg Sievers zur Verf\u00fcgung. Die Grafenw\u00e4lder gingen sehr konzentriert in die Partie und kamen schon in der f\u00fcnften Minute durch einen Elfmeter, sicher verwandelt von Lukas Lammerding, zur 1:0-F\u00fchrung. Sie bestimmten weiter das Spiel und mit einem sehenswerten Weitschuss gelang Lammerding das 2:0. Auch nach dem Seitenwechsel zeigten die Grafenw\u00e4lder keine Schw\u00e4chen und erzielten zwei weitere Tore durch Julian Wallm\u00fcller. Mit dem auch in dieser H\u00f6he verdienten Erfolg festigte der VfL seinen dritten Tabellenplatz in der Kreisliga A.<\/p>\n","protected":false},"excerpt":{"rendered":"<p>SG Preu\u00dfen Gladbeck- VfL Grafenwald 0:4 (0:2) von J\u00f6rg Sievers Die W\u00f6ller A-Junioren fuhren stark ersatzgeschw\u00e4cht zum Derby nach Gladbeck; nur elf Spieler standen den Trainern Sven Kaminski und J\u00f6rg Sievers zur Verf\u00fcgung. Die Grafenw\u00e4lder gingen sehr konzentriert in die &hellip; <a href=\"https:\/\/www.vfl-grafenwald.de\/?p=1315\">Weiterlesen <span class=\"meta-nav\">&rarr;<\/span><\/a><\/p>\n","protected":false},"author":4,"featured_media":0,"comment_status":"closed","ping_status":"closed","sticky":false,"template":"","format":"standard","meta":{"footnotes":""},"categories":[4,1],"tags":[22],"class_list":["post-1315","post","type-post","status-publish","format-standard","hentry","category-fussball","category-verein","tag-jugend"],"_links":{"self":[{"href":"https:\/\/www.vfl-grafenwald.de\/index.php?rest_route=\/wp\/v2\/posts\/1315","targetHints":{"allow":["GET"]}}],"collection":[{"href":"https:\/\/www.vfl-grafenwald.de\/index.php?rest_route=\/wp\/v2\/posts"}],"about":[{"href":"https:\/\/www.vfl-grafenwald.de\/index.php?rest_route=\/wp\/v2\/types\/post"}],"author":[{"embeddable":true,"href":"https:\/\/www.vfl-grafenwald.de\/index.php?rest_route=\/wp\/v2\/users\/4"}],"replies":[{"embeddable":true,"href":"https:\/\/www.vfl-grafenwald.de\/index.php?rest_route=%2Fwp%2Fv2%2Fcomments&post=1315"}],"version-history":[{"count":7,"href":"https:\/\/www.vfl-grafenwald.de\/index.php?rest_route=\/wp\/v2\/posts\/1315\/revisions"}],"predecessor-version":[{"id":1323,"href":"https:\/\/www.vfl-grafenwald.de\/index.php?rest_route=\/wp\/v2\/posts\/1315\/revisions\/1323"}],"wp:attachment":[{"href":"https:\/\/www.vfl-grafenwald.de\/index.php?rest_route=%2Fwp%2Fv2%2Fmedia&parent=1315"}],"wp:term":[{"taxonomy":"category","embeddable":true,"href":"https:\/\/www.vfl-grafenwald.de\/index.php?rest_route=%2Fwp%2Fv2%2Fcategories&post=1315"},{"taxonomy":"post_tag","embeddable":true,"href":"https:\/\/www.vfl-grafenwald.de\/index.php?rest_route=%2Fwp%2Fv2%2Ftags&post=1315"}],"curies":[{"name":"wp","href":"https:\/\/api.w.org\/{rel}","templated":true}]}}