{"id":1312,"date":"2016-02-29T16:24:13","date_gmt":"2016-02-29T15:24:13","guid":{"rendered":"http:\/\/www.vfl-grafenwald.de\/?p=1312"},"modified":"2016-02-29T16:24:50","modified_gmt":"2016-02-29T15:24:50","slug":"jugendfussball-a-jugend-in-der-rueckrunde-weiter-ungeschlagen","status":"publish","type":"post","link":"https:\/\/www.vfl-grafenwald.de\/?p=1312","title":{"rendered":"Jugendfu\u00dfball: A-Jugend in der R\u00fcckrunde weiter ungeschlagen"},"content":{"rendered":"<p>VfL Grafenwald &#8211; ETUS Bismarck 1-1 (0-1)<\/p>\n<p>von J\u00f6rg Sievers<\/p>\n<p>Die W\u00f6ller bleiben in der R\u00fcckrunde weiterhin ungeschlagen. Die Zuschauer sahen eine \u00fcberaus harte und kampfbetonte Partie am Sensenfeld. Die G\u00e4ste aus Bismarck zeigten sich k\u00f6rperlich \u00fcberlegen und starteten gut in die Begegnung. Sie erspielten sich in den ersten zehn Minuten drei Gro\u00dfchancen und gingen dementsprechend mit 1:0 in F\u00fchrung.<br \/>\nDie VfL-Trainer J\u00f6rg Sievers und Sven Kaminski stellten die Mannschaft um. Dies tat dem Spiel der Gr\u00fcn-Wei\u00dfen gut, und sie kamen mit zunehmender Spieldauer immer besser ins Spiel. Doch die Mannschaft konnte ihre guten Torchancen nicht verwerten. So dauerte es bis zur 80. Minute, dass die Grafenw\u00e4lder durch Julian Wallm\u00fcller zum mehr als verdienten Ausgleich kamen.<br \/>\nTimo Engels hatte in der Schlussminute noch das 2:1 auf dem Fu\u00df, allerdings schoss er in aussichtsreicher Position nur den Torwart der G\u00e4ste an. F\u00fcr die W\u00f6ller war es eher ein Punktverlust als ein Punktgewinn.<\/p>\n","protected":false},"excerpt":{"rendered":"<p>VfL Grafenwald &#8211; ETUS Bismarck 1-1 (0-1) von J\u00f6rg Sievers Die W\u00f6ller bleiben in der R\u00fcckrunde weiterhin ungeschlagen. Die Zuschauer sahen eine \u00fcberaus harte und kampfbetonte Partie am Sensenfeld. Die G\u00e4ste aus Bismarck zeigten sich k\u00f6rperlich \u00fcberlegen und starteten gut &hellip; <a href=\"https:\/\/www.vfl-grafenwald.de\/?p=1312\">Weiterlesen <span class=\"meta-nav\">&rarr;<\/span><\/a><\/p>\n","protected":false},"author":4,"featured_media":0,"comment_status":"closed","ping_status":"closed","sticky":false,"template":"","format":"standard","meta":{"footnotes":""},"categories":[4,1],"tags":[22],"class_list":["post-1312","post","type-post","status-publish","format-standard","hentry","category-fussball","category-verein","tag-jugend"],"_links":{"self":[{"href":"https:\/\/www.vfl-grafenwald.de\/index.php?rest_route=\/wp\/v2\/posts\/1312","targetHints":{"allow":["GET"]}}],"collection":[{"href":"https:\/\/www.vfl-grafenwald.de\/index.php?rest_route=\/wp\/v2\/posts"}],"about":[{"href":"https:\/\/www.vfl-grafenwald.de\/index.php?rest_route=\/wp\/v2\/types\/post"}],"author":[{"embeddable":true,"href":"https:\/\/www.vfl-grafenwald.de\/index.php?rest_route=\/wp\/v2\/users\/4"}],"replies":[{"embeddable":true,"href":"https:\/\/www.vfl-grafenwald.de\/index.php?rest_route=%2Fwp%2Fv2%2Fcomments&post=1312"}],"version-history":[{"count":2,"href":"https:\/\/www.vfl-grafenwald.de\/index.php?rest_route=\/wp\/v2\/posts\/1312\/revisions"}],"predecessor-version":[{"id":1314,"href":"https:\/\/www.vfl-grafenwald.de\/index.php?rest_route=\/wp\/v2\/posts\/1312\/revisions\/1314"}],"wp:attachment":[{"href":"https:\/\/www.vfl-grafenwald.de\/index.php?rest_route=%2Fwp%2Fv2%2Fmedia&parent=1312"}],"wp:term":[{"taxonomy":"category","embeddable":true,"href":"https:\/\/www.vfl-grafenwald.de\/index.php?rest_route=%2Fwp%2Fv2%2Fcategories&post=1312"},{"taxonomy":"post_tag","embeddable":true,"href":"https:\/\/www.vfl-grafenwald.de\/index.php?rest_route=%2Fwp%2Fv2%2Ftags&post=1312"}],"curies":[{"name":"wp","href":"https:\/\/api.w.org\/{rel}","templated":true}]}}