{"id":1305,"date":"2016-02-22T14:18:27","date_gmt":"2016-02-22T13:18:27","guid":{"rendered":"http:\/\/www.vfl-grafenwald.de\/?p=1305"},"modified":"2016-02-22T14:19:20","modified_gmt":"2016-02-22T13:19:20","slug":"derby-im-jugendfussball-zwei-fuehrungen-reichen-der-a-jugend-nicht","status":"publish","type":"post","link":"https:\/\/www.vfl-grafenwald.de\/?p=1305","title":{"rendered":"Derby im Jugendfu\u00dfball: Zwei F\u00fchrungen reichen der A-Jugend nicht"},"content":{"rendered":"<p>Derby-Time in Grafenwald<br \/>\nvon J\u00f6rg Sievers<\/p>\n<p>VfL Grafenwald &#8211; VfB Kirchhellen 2-2 (1-0)<\/p>\n<p>Zu Beginn m\u00f6chten wir uns von der A-Jugend des VfL Grafenwald f\u00fcr die gute Stimmung beim Derby bei unseren Nachbarn am Sensenfeld entschuldigen und versichern, dass dies nicht noch einmal vorkommt. Derby ist nur einmal im Jahr.<\/p>\n<p>Eine tolle Kulisse fand sich trotz Regen und Sturm am Sensenfeld ein. 150 Zuschauer sahen die Partie zwischen dem Tabellendritten VfL Grafenwald und dem Tabellenvierten VfB Kirchhellen. Sie wurden nicht entt\u00e4uscht. Beide Mannschaften liefen zur Musik von Hells Bells in die Arena ein &#8211; G\u00e4nsehaut-Stimmung pur bei allen Akteuren und Zuschauern.<br \/>\nDie Gr\u00fcnhemden kamen gut ins Spiel und bestimmten zum Anfang die Partie. Aber es dauerte bis zur 40. Spielminute, ehe die W\u00f6ller durch einen sehenswerten Weitschuss von Jason Mike Peters in F\u00fchrung gingen. Nach der Pause verschliefen die Gr\u00fcnhemden den Start und mussten durch einen individuellen Fehler in der Abwehr den zu diesem Zeitpunkt ungl\u00fccklichen  Ausgleich hinnehmen.<br \/>\nWer jetzt dachte,  dass die Grafenw\u00e4lder den Kopf h\u00e4ngen lie\u00dfen, sah sich get\u00e4uscht. Sie spielten weiter nach vorne und versuchten erneut, in F\u00fchrung zu gehen. Chancen waren genug da, doch erst in der 65. Minute verl\u00e4ngerte Kirchhellens Max Bertlich nach einem Absto\u00df vom gut aufgelegten Grafenw\u00e4lder Torwart Robin Placzek den Ball ins eigene Tor.<br \/>\nDoch auch diese F\u00fchrung der Gastgeber hatte nicht lange Bestand. Nach einem Techtelmechtel im 16-Meter-Raum fiel ein W\u00f6ller Abwehrspieler auf den Ball und der gut pfeifende Unparteiische entschied auf Elfmeter f\u00fcr Kirchhellen. Bertlich glich zum 2-2 aus und machte seinen Fehler zum 1-2 wieder gut.<br \/>\nSo durften sich am Ende alle ein wenig freuen. Zu erw\u00e4hnen sei an dieser Stelle, dass es ein hartes, aber faires Spiel war. Es gab keine Zeitstrafen und Rote Karten (lediglich vier gelbe Karten) und am Ende wurde sogar zusammen ein &#8222;Erfrischungsgetr\u00e4nk&#8220; getrunken. So kann und so sollte Kreisligafu\u00dfball sein, denn das macht Spa\u00df auf mehr.<br \/>\nDanke f\u00fcr ein tolles Derby und wir freuen uns auf das kommende Duell bei unserem Nachbarn und versprechen, dass wir alles geben werden, damit es am Ende einen Sieger gibt.<\/p>\n","protected":false},"excerpt":{"rendered":"<p>Derby-Time in Grafenwald von J\u00f6rg Sievers VfL Grafenwald &#8211; VfB Kirchhellen 2-2 (1-0) Zu Beginn m\u00f6chten wir uns von der A-Jugend des VfL Grafenwald f\u00fcr die gute Stimmung beim Derby bei unseren Nachbarn am Sensenfeld entschuldigen und versichern, dass dies &hellip; <a href=\"https:\/\/www.vfl-grafenwald.de\/?p=1305\">Weiterlesen <span class=\"meta-nav\">&rarr;<\/span><\/a><\/p>\n","protected":false},"author":4,"featured_media":0,"comment_status":"closed","ping_status":"closed","sticky":false,"template":"","format":"standard","meta":{"footnotes":""},"categories":[4,1],"tags":[22],"class_list":["post-1305","post","type-post","status-publish","format-standard","hentry","category-fussball","category-verein","tag-jugend"],"_links":{"self":[{"href":"https:\/\/www.vfl-grafenwald.de\/index.php?rest_route=\/wp\/v2\/posts\/1305","targetHints":{"allow":["GET"]}}],"collection":[{"href":"https:\/\/www.vfl-grafenwald.de\/index.php?rest_route=\/wp\/v2\/posts"}],"about":[{"href":"https:\/\/www.vfl-grafenwald.de\/index.php?rest_route=\/wp\/v2\/types\/post"}],"author":[{"embeddable":true,"href":"https:\/\/www.vfl-grafenwald.de\/index.php?rest_route=\/wp\/v2\/users\/4"}],"replies":[{"embeddable":true,"href":"https:\/\/www.vfl-grafenwald.de\/index.php?rest_route=%2Fwp%2Fv2%2Fcomments&post=1305"}],"version-history":[{"count":4,"href":"https:\/\/www.vfl-grafenwald.de\/index.php?rest_route=\/wp\/v2\/posts\/1305\/revisions"}],"predecessor-version":[{"id":1309,"href":"https:\/\/www.vfl-grafenwald.de\/index.php?rest_route=\/wp\/v2\/posts\/1305\/revisions\/1309"}],"wp:attachment":[{"href":"https:\/\/www.vfl-grafenwald.de\/index.php?rest_route=%2Fwp%2Fv2%2Fmedia&parent=1305"}],"wp:term":[{"taxonomy":"category","embeddable":true,"href":"https:\/\/www.vfl-grafenwald.de\/index.php?rest_route=%2Fwp%2Fv2%2Fcategories&post=1305"},{"taxonomy":"post_tag","embeddable":true,"href":"https:\/\/www.vfl-grafenwald.de\/index.php?rest_route=%2Fwp%2Fv2%2Ftags&post=1305"}],"curies":[{"name":"wp","href":"https:\/\/api.w.org\/{rel}","templated":true}]}}