{"id":1280,"date":"2016-01-30T23:45:07","date_gmt":"2016-01-30T22:45:07","guid":{"rendered":"http:\/\/www.vfl-grafenwald.de\/?p=1280"},"modified":"2016-01-30T23:45:07","modified_gmt":"2016-01-30T22:45:07","slug":"gratulation-zur-bestandenen-guertelpruefung-am-30-01-2016","status":"publish","type":"post","link":"https:\/\/www.vfl-grafenwald.de\/?p=1280","title":{"rendered":"Gratulation zur bestandenen G\u00fcrtelpr\u00fcfung am 30.01.2016"},"content":{"rendered":"<div id=\"attachment_1281\" style=\"width: 1307px\" class=\"wp-caption aligncenter\"><a href=\"http:\/\/www.vfl-grafenwald.de\/wp-content\/uploads\/2016\/01\/pr\u00fcfung1-2016.jpg\" rel=\"attachment wp-att-1281\"><img loading=\"lazy\" decoding=\"async\" aria-describedby=\"caption-attachment-1281\" class=\"size-full wp-image-1281\" src=\"http:\/\/www.vfl-grafenwald.de\/wp-content\/uploads\/2016\/01\/pr\u00fcfung1-2016.jpg\" alt=\"TKD G\u00fcrtelpr\u00fcfung 30.01.2016\" width=\"1297\" height=\"805\" srcset=\"https:\/\/www.vfl-grafenwald.de\/wp-content\/uploads\/2016\/01\/pr\u00fcfung1-2016.jpg 1297w, https:\/\/www.vfl-grafenwald.de\/wp-content\/uploads\/2016\/01\/pr\u00fcfung1-2016-300x186.jpg 300w, https:\/\/www.vfl-grafenwald.de\/wp-content\/uploads\/2016\/01\/pr\u00fcfung1-2016-768x477.jpg 768w, https:\/\/www.vfl-grafenwald.de\/wp-content\/uploads\/2016\/01\/pr\u00fcfung1-2016-1024x636.jpg 1024w, https:\/\/www.vfl-grafenwald.de\/wp-content\/uploads\/2016\/01\/pr\u00fcfung1-2016-483x300.jpg 483w\" sizes=\"auto, (max-width: 1297px) 100vw, 1297px\" \/><\/a><p id=\"caption-attachment-1281\" class=\"wp-caption-text\">TKD G\u00fcrtelpr\u00fcfung 30.01.2016<\/p><\/div>\n<p>Wir gratulieren zur bestanden G\u00fcrtelpr\u00fcfung:<\/p>\n<p>\u2013 Levi Kramer (7. Kup)<br \/>\n\u2013 Ben Lindner (7. Kup)<br \/>\n\u2013 Stefanie Doussier (7. Kup)<br \/>\n\u2013 Lucas Surzyn (8. Kup)<br \/>\n\u2013 Isabell Brand (8. Kup)<br \/>\n\u2013 Steven Brand (8. Kup)<br \/>\n\u2013 Justin Bolz (8. Kup)<\/p>\n<p>Gepr\u00fcft wurde in den Bereichen: Formenlauf, Einschrittkampf, Freikampf sowie Theorie. Der Gro\u00dfmeister Robert Macioszek war mit den gezeigten Leistungen sehr zufrieden. Ein besonderer Dank f\u00fcr die Unterst\u00fczung geht an Dojangmeister Tim Doussier, Thorben Benatzki und Herbert Appelmann.<\/p>\n","protected":false},"excerpt":{"rendered":"<p>Wir gratulieren zur bestanden G\u00fcrtelpr\u00fcfung: \u2013 Levi Kramer (7. Kup) \u2013 Ben Lindner (7. Kup) \u2013 Stefanie Doussier (7. Kup) \u2013 Lucas Surzyn (8. Kup) \u2013 Isabell Brand (8. Kup) \u2013 Steven Brand (8. Kup) \u2013 Justin Bolz (8. Kup) &hellip; <a href=\"https:\/\/www.vfl-grafenwald.de\/?p=1280\">Weiterlesen <span class=\"meta-nav\">&rarr;<\/span><\/a><\/p>\n","protected":false},"author":1,"featured_media":0,"comment_status":"closed","ping_status":"open","sticky":false,"template":"","format":"standard","meta":{"footnotes":""},"categories":[3],"tags":[14,56,55,16],"class_list":["post-1280","post","type-post","status-publish","format-standard","hentry","category-kampfsport","tag-gurtelprufung","tag-kup","tag-taekwondo","tag-tkd"],"_links":{"self":[{"href":"https:\/\/www.vfl-grafenwald.de\/index.php?rest_route=\/wp\/v2\/posts\/1280","targetHints":{"allow":["GET"]}}],"collection":[{"href":"https:\/\/www.vfl-grafenwald.de\/index.php?rest_route=\/wp\/v2\/posts"}],"about":[{"href":"https:\/\/www.vfl-grafenwald.de\/index.php?rest_route=\/wp\/v2\/types\/post"}],"author":[{"embeddable":true,"href":"https:\/\/www.vfl-grafenwald.de\/index.php?rest_route=\/wp\/v2\/users\/1"}],"replies":[{"embeddable":true,"href":"https:\/\/www.vfl-grafenwald.de\/index.php?rest_route=%2Fwp%2Fv2%2Fcomments&post=1280"}],"version-history":[{"count":1,"href":"https:\/\/www.vfl-grafenwald.de\/index.php?rest_route=\/wp\/v2\/posts\/1280\/revisions"}],"predecessor-version":[{"id":1282,"href":"https:\/\/www.vfl-grafenwald.de\/index.php?rest_route=\/wp\/v2\/posts\/1280\/revisions\/1282"}],"wp:attachment":[{"href":"https:\/\/www.vfl-grafenwald.de\/index.php?rest_route=%2Fwp%2Fv2%2Fmedia&parent=1280"}],"wp:term":[{"taxonomy":"category","embeddable":true,"href":"https:\/\/www.vfl-grafenwald.de\/index.php?rest_route=%2Fwp%2Fv2%2Fcategories&post=1280"},{"taxonomy":"post_tag","embeddable":true,"href":"https:\/\/www.vfl-grafenwald.de\/index.php?rest_route=%2Fwp%2Fv2%2Ftags&post=1280"}],"curies":[{"name":"wp","href":"https:\/\/api.w.org\/{rel}","templated":true}]}}