{"id":1254,"date":"2015-12-24T08:46:36","date_gmt":"2015-12-24T07:46:36","guid":{"rendered":"http:\/\/www.vfl-grafenwald.de\/?p=1254"},"modified":"2015-12-24T08:47:06","modified_gmt":"2015-12-24T07:47:06","slug":"weihnachtsgruesse-der-a-jugend","status":"publish","type":"post","link":"https:\/\/www.vfl-grafenwald.de\/?p=1254","title":{"rendered":"Weihnachtsgr\u00fc\u00dfe der A-Jugend"},"content":{"rendered":"<p>Ein Weihnachtsm\u00e4rchen in Grafenwald zur Weihnachtszeit?!?<\/p>\n<p><a href=\"http:\/\/www.vfl-grafenwald.de\/wp-content\/uploads\/2015\/12\/A-Junioren.jpg\" rel=\"attachment wp-att-1255\"><img loading=\"lazy\" decoding=\"async\" src=\"http:\/\/www.vfl-grafenwald.de\/wp-content\/uploads\/2015\/12\/A-Junioren-300x178.jpg\" alt=\"A-Junioren\" width=\"300\" height=\"178\" class=\"alignnone size-medium wp-image-1255\" srcset=\"https:\/\/www.vfl-grafenwald.de\/wp-content\/uploads\/2015\/12\/A-Junioren-300x178.jpg 300w, https:\/\/www.vfl-grafenwald.de\/wp-content\/uploads\/2015\/12\/A-Junioren-768x456.jpg 768w, https:\/\/www.vfl-grafenwald.de\/wp-content\/uploads\/2015\/12\/A-Junioren-1024x608.jpg 1024w, https:\/\/www.vfl-grafenwald.de\/wp-content\/uploads\/2015\/12\/A-Junioren-500x297.jpg 500w, https:\/\/www.vfl-grafenwald.de\/wp-content\/uploads\/2015\/12\/A-Junioren.jpg 1365w\" sizes=\"auto, (max-width: 300px) 100vw, 300px\" \/><\/a><\/p>\n<p>Drau\u00dfen aus Grafenwalde kommen wir her und wir sollen Euch sagen es weihnachtet sehr. Wir, die A-Jugend des VFL Grafenwald w\u00fcnschen Euch ein frohes Weihnachtsfest und einen guten Rutsch ins neue Jahr 2016.<\/p>\n<p>Weihnachten ist f\u00fcr die meisten Menschen die Zeit, um einen kleinen R\u00fcckblick \u00fcber das gewesene Jahr zu machen.  Auch wir wollen zur\u00fcck blicken. Wir haben ein Jahr voller H\u00f6hepunkte hinter uns. Anfang des Jahres belegte die A-Jugend den vorletzten Platz in der Kreisliga B und wir trainierten noch auf Asche in Feldhausen. Die R\u00fcckrunde geht ohne Zweifel in die Geschichte ein. Die Mannschaft um J\u00f6rg Sievers und Sven Kaminski belegte in der R\u00fcckrunde souver\u00e4n den 1. Tabellenplatz in der Kreisliga B und stieg als Meister in die Kreisliga A auf, was keiner zuvor geglaubt hat. Wer dachte, der H\u00f6henflug w\u00e4re nun zu Ende, irrte sich, denn die Erfolgsserie ging weiter.<\/p>\n<p><a href=\"http:\/\/www.vfl-grafenwald.de\/wp-content\/uploads\/2015\/06\/2015-05-31-Meister-1.jpg\" rel=\"attachment wp-att-1100\"><img loading=\"lazy\" decoding=\"async\" src=\"http:\/\/www.vfl-grafenwald.de\/wp-content\/uploads\/2015\/06\/2015-05-31-Meister-1-300x215.jpg\" alt=\"2015-05-31 Meister 1\" width=\"300\" height=\"215\" class=\"alignnone size-medium wp-image-1100\" srcset=\"https:\/\/www.vfl-grafenwald.de\/wp-content\/uploads\/2015\/06\/2015-05-31-Meister-1-300x215.jpg 300w, https:\/\/www.vfl-grafenwald.de\/wp-content\/uploads\/2015\/06\/2015-05-31-Meister-1-1024x733.jpg 1024w, https:\/\/www.vfl-grafenwald.de\/wp-content\/uploads\/2015\/06\/2015-05-31-Meister-1-419x300.jpg 419w, https:\/\/www.vfl-grafenwald.de\/wp-content\/uploads\/2015\/06\/2015-05-31-Meister-1.jpg 1401w\" sizes=\"auto, (max-width: 300px) 100vw, 300px\" \/><\/a><\/p>\n<p>Inzwischen trainieren wir nicht mehr auf Asche, sondern auf einem sehr guten Kunstrasen und auf einer der sch\u00f6nsten Fu\u00dfballanlagen im Kreis. Die W\u00f6ller spielten eine sehr gute Hinrunde in der Kreisliga A und belegen zurzeit den 3. Tabellenplatz. Was sich dieses Team innerhalb eines Jahres erarbeitet hat, ist unglaublich und zollt gr\u00f6\u00dften Respekt und Anerkennung. Wir m\u00f6chten uns an dieser Stelle bei all unseren Fans und beim Verein f\u00fcr die tolle Unterst\u00fctzung in der vergangenen und aktuellen Saison recht herzlich bedanken.<br \/>\nDeshalb nutzten wir die Gelegenheit die Hinrunde ausklingen zu lassen und ausgelassen zu feiern. Denn wer hart arbeitet darf auch mal feiern. Die Weihnachtsfeier der A-Jugend stand an und es ging mal wieder zur DEG zum Eishockey. Anschlie\u00dfend wurde im angesagtesten Partykeller in Grafenwald weitergefeiert. Auch Sternekoch &#8220; Markus&#8220; war mit seinem neuen Grill mit von der Partie und sorgte f\u00fcr das leibliche Wohl. Es wurde ausgelassen bis in die fr\u00fchen Morgenstunden gefeiert, was nat\u00fcrlich unter dem Ausschluss der \u00d6ffentlichkeit passierte &#8211; Wir bitten um Euer Verst\u00e4ndnis.<\/p>\n<p><a href=\"http:\/\/www.vfl-grafenwald.de\/wp-content\/uploads\/2015\/12\/Weihnachtsfeier-1.jpg\" rel=\"attachment wp-att-1256\"><img loading=\"lazy\" decoding=\"async\" src=\"http:\/\/www.vfl-grafenwald.de\/wp-content\/uploads\/2015\/12\/Weihnachtsfeier-1-300x225.jpg\" alt=\"Weihnachtsfeier 1\" width=\"300\" height=\"225\" class=\"alignnone size-medium wp-image-1256\" srcset=\"https:\/\/www.vfl-grafenwald.de\/wp-content\/uploads\/2015\/12\/Weihnachtsfeier-1-300x225.jpg 300w, https:\/\/www.vfl-grafenwald.de\/wp-content\/uploads\/2015\/12\/Weihnachtsfeier-1-768x576.jpg 768w, https:\/\/www.vfl-grafenwald.de\/wp-content\/uploads\/2015\/12\/Weihnachtsfeier-1-1024x768.jpg 1024w, https:\/\/www.vfl-grafenwald.de\/wp-content\/uploads\/2015\/12\/Weihnachtsfeier-1-400x300.jpg 400w, https:\/\/www.vfl-grafenwald.de\/wp-content\/uploads\/2015\/12\/Weihnachtsfeier-1.jpg 1600w\" sizes=\"auto, (max-width: 300px) 100vw, 300px\" \/><\/a><\/p>\n<p><a href=\"http:\/\/www.vfl-grafenwald.de\/wp-content\/uploads\/2015\/12\/Weihnachtsfeier.jpg\" rel=\"attachment wp-att-1257\"><img loading=\"lazy\" decoding=\"async\" src=\"http:\/\/www.vfl-grafenwald.de\/wp-content\/uploads\/2015\/12\/Weihnachtsfeier-300x201.jpg\" alt=\"Weihnachtsfeier\" width=\"300\" height=\"201\" class=\"alignnone size-medium wp-image-1257\" srcset=\"https:\/\/www.vfl-grafenwald.de\/wp-content\/uploads\/2015\/12\/Weihnachtsfeier-300x201.jpg 300w, https:\/\/www.vfl-grafenwald.de\/wp-content\/uploads\/2015\/12\/Weihnachtsfeier-448x300.jpg 448w, https:\/\/www.vfl-grafenwald.de\/wp-content\/uploads\/2015\/12\/Weihnachtsfeier.jpg 550w\" sizes=\"auto, (max-width: 300px) 100vw, 300px\" \/><\/a><\/p>\n<p>Wir w\u00fcnschen Allen ein frohes Weihnachtsfest und einen guten Rutsch ins neue Jahr.<br \/>\nDie W\u00f6ller aus dem Grafenwalde&#8230;&#8230;..ein Traum wurde wahr!<\/p>\n","protected":false},"excerpt":{"rendered":"<p>Ein Weihnachtsm\u00e4rchen in Grafenwald zur Weihnachtszeit?!? Drau\u00dfen aus Grafenwalde kommen wir her und wir sollen Euch sagen es weihnachtet sehr. Wir, die A-Jugend des VFL Grafenwald w\u00fcnschen Euch ein frohes Weihnachtsfest und einen guten Rutsch ins neue Jahr 2016. Weihnachten &hellip; <a href=\"https:\/\/www.vfl-grafenwald.de\/?p=1254\">Weiterlesen <span class=\"meta-nav\">&rarr;<\/span><\/a><\/p>\n","protected":false},"author":4,"featured_media":0,"comment_status":"closed","ping_status":"closed","sticky":false,"template":"","format":"standard","meta":{"footnotes":""},"categories":[4,1],"tags":[22],"class_list":["post-1254","post","type-post","status-publish","format-standard","hentry","category-fussball","category-verein","tag-jugend"],"_links":{"self":[{"href":"https:\/\/www.vfl-grafenwald.de\/index.php?rest_route=\/wp\/v2\/posts\/1254","targetHints":{"allow":["GET"]}}],"collection":[{"href":"https:\/\/www.vfl-grafenwald.de\/index.php?rest_route=\/wp\/v2\/posts"}],"about":[{"href":"https:\/\/www.vfl-grafenwald.de\/index.php?rest_route=\/wp\/v2\/types\/post"}],"author":[{"embeddable":true,"href":"https:\/\/www.vfl-grafenwald.de\/index.php?rest_route=\/wp\/v2\/users\/4"}],"replies":[{"embeddable":true,"href":"https:\/\/www.vfl-grafenwald.de\/index.php?rest_route=%2Fwp%2Fv2%2Fcomments&post=1254"}],"version-history":[{"count":1,"href":"https:\/\/www.vfl-grafenwald.de\/index.php?rest_route=\/wp\/v2\/posts\/1254\/revisions"}],"predecessor-version":[{"id":1258,"href":"https:\/\/www.vfl-grafenwald.de\/index.php?rest_route=\/wp\/v2\/posts\/1254\/revisions\/1258"}],"wp:attachment":[{"href":"https:\/\/www.vfl-grafenwald.de\/index.php?rest_route=%2Fwp%2Fv2%2Fmedia&parent=1254"}],"wp:term":[{"taxonomy":"category","embeddable":true,"href":"https:\/\/www.vfl-grafenwald.de\/index.php?rest_route=%2Fwp%2Fv2%2Fcategories&post=1254"},{"taxonomy":"post_tag","embeddable":true,"href":"https:\/\/www.vfl-grafenwald.de\/index.php?rest_route=%2Fwp%2Fv2%2Ftags&post=1254"}],"curies":[{"name":"wp","href":"https:\/\/api.w.org\/{rel}","templated":true}]}}