{"id":1247,"date":"2015-12-22T12:26:14","date_gmt":"2015-12-22T11:26:14","guid":{"rendered":"http:\/\/www.vfl-grafenwald.de\/?p=1247"},"modified":"2015-12-22T12:43:34","modified_gmt":"2015-12-22T11:43:34","slug":"fussball-a-junioren-ueberwinter-auf-platz-drei","status":"publish","type":"post","link":"https:\/\/www.vfl-grafenwald.de\/?p=1247","title":{"rendered":"Fu\u00dfball: A-Junioren \u00fcberwintern auf Platz drei"},"content":{"rendered":"<p>VfL Grafenwald &#8211; BV Rentfort 2:1 (1:1)<\/p>\n<p>von J\u00f6rg Sievers<\/p>\n<p>Im letzten Spiel der Hinrunde konnten die W\u00f6ller das kleine Derby gegen den starken Gast aus Rentfort mit 2:1 gewinnen. Anders als beim 1:6 im Pokalspiel im Sommer gingen die Grafenw\u00e4lder von Anfang an konzentriert in die Kreisliga A-Begegnung und nahmen die Zweik\u00e4mpfe an. Leider mussten sie in der 15. Spielminute nach einem Fehler im Mittelfeld das 0:1 hinnehmen. Doch wer erwartet hatte, die W\u00f6ller br\u00e4chen erneut ein, sah sich get\u00e4uscht. Sie blieben ihrer Linie treu und erzielten in der 44. Minute durch Tim Lingner den Ausgleich. Nach einer Ecke erzielte Julian Wallm\u00fcller mit einem wuchtigen Kopfball nach einer Ecke das verdiente 2:1. Die in der Defensive gut stehenden Grafenw\u00e4lder setzten immer wieder Akzente im Spiel nach vorn, konnten ihre Konter allerdings nicht erfolgreich abschlie\u00dfen.<\/p>\n<p>Das Trainerduo J\u00f6rg Sievers und Sven Kaminski ist mit Leistung ihrer Spieler mehr als zufrieden. Als Aufsteiger in die Kreisliga A belegt die Mannschaft den dritten Tabellenplatz &#8211; mehr, als man am Anfang der Saison hatte erwarten d\u00fcrfen.<\/p>\n","protected":false},"excerpt":{"rendered":"<p>VfL Grafenwald &#8211; BV Rentfort 2:1 (1:1) von J\u00f6rg Sievers Im letzten Spiel der Hinrunde konnten die W\u00f6ller das kleine Derby gegen den starken Gast aus Rentfort mit 2:1 gewinnen. Anders als beim 1:6 im Pokalspiel im Sommer gingen die &hellip; <a href=\"https:\/\/www.vfl-grafenwald.de\/?p=1247\">Weiterlesen <span class=\"meta-nav\">&rarr;<\/span><\/a><\/p>\n","protected":false},"author":4,"featured_media":0,"comment_status":"closed","ping_status":"closed","sticky":false,"template":"","format":"standard","meta":{"footnotes":""},"categories":[4,1],"tags":[22],"class_list":["post-1247","post","type-post","status-publish","format-standard","hentry","category-fussball","category-verein","tag-jugend"],"_links":{"self":[{"href":"https:\/\/www.vfl-grafenwald.de\/index.php?rest_route=\/wp\/v2\/posts\/1247","targetHints":{"allow":["GET"]}}],"collection":[{"href":"https:\/\/www.vfl-grafenwald.de\/index.php?rest_route=\/wp\/v2\/posts"}],"about":[{"href":"https:\/\/www.vfl-grafenwald.de\/index.php?rest_route=\/wp\/v2\/types\/post"}],"author":[{"embeddable":true,"href":"https:\/\/www.vfl-grafenwald.de\/index.php?rest_route=\/wp\/v2\/users\/4"}],"replies":[{"embeddable":true,"href":"https:\/\/www.vfl-grafenwald.de\/index.php?rest_route=%2Fwp%2Fv2%2Fcomments&post=1247"}],"version-history":[{"count":5,"href":"https:\/\/www.vfl-grafenwald.de\/index.php?rest_route=\/wp\/v2\/posts\/1247\/revisions"}],"predecessor-version":[{"id":1253,"href":"https:\/\/www.vfl-grafenwald.de\/index.php?rest_route=\/wp\/v2\/posts\/1247\/revisions\/1253"}],"wp:attachment":[{"href":"https:\/\/www.vfl-grafenwald.de\/index.php?rest_route=%2Fwp%2Fv2%2Fmedia&parent=1247"}],"wp:term":[{"taxonomy":"category","embeddable":true,"href":"https:\/\/www.vfl-grafenwald.de\/index.php?rest_route=%2Fwp%2Fv2%2Fcategories&post=1247"},{"taxonomy":"post_tag","embeddable":true,"href":"https:\/\/www.vfl-grafenwald.de\/index.php?rest_route=%2Fwp%2Fv2%2Ftags&post=1247"}],"curies":[{"name":"wp","href":"https:\/\/api.w.org\/{rel}","templated":true}]}}