{"id":1235,"date":"2015-11-11T16:14:51","date_gmt":"2015-11-11T15:14:51","guid":{"rendered":"http:\/\/www.vfl-grafenwald.de\/?p=1235"},"modified":"2015-11-11T16:16:29","modified_gmt":"2015-11-11T15:16:29","slug":"jugendfussball-u15-juniorinnen-bestreiten-das-halbfinale-im-regionalpokal-beim-erler-sv-08","status":"publish","type":"post","link":"https:\/\/www.vfl-grafenwald.de\/?p=1235","title":{"rendered":"Jugendfu\u00dfball: U15-Juniorinnen bestreiten das Halbfinale im Regionalpokal beim Erler SV 08"},"content":{"rendered":"<p>Am Samstag, 14. November, spielt das U15-Juniorinnen-Team des VfL Grafenwald im Halbfinale des Regionalpokals beim Erler SV 08. Ansto\u00df ist um 16.30 Uhr auf der Kunstrasenanlage an der Oststra\u00dfe in Gelsenkirchen. Die Mannschaft von Andreas Fockenberg und Hermann Hasebrink konnte das Meisterschaftsspiel, das im September im Waldstadion stattfand, mit 2:0 f\u00fcr sich entscheiden. Die Trainer erwarten im Ausw\u00e4rtsspiel eine schwierigere Aufgabe und hoffen auf die Unterst\u00fctzung der Grafenw\u00e4lder Fans.<\/p>\n","protected":false},"excerpt":{"rendered":"<p>Am Samstag, 14. November, spielt das U15-Juniorinnen-Team des VfL Grafenwald im Halbfinale des Regionalpokals beim Erler SV 08. Ansto\u00df ist um 16.30 Uhr auf der Kunstrasenanlage an der Oststra\u00dfe in Gelsenkirchen. Die Mannschaft von Andreas Fockenberg und Hermann Hasebrink konnte &hellip; <a href=\"https:\/\/www.vfl-grafenwald.de\/?p=1235\">Weiterlesen <span class=\"meta-nav\">&rarr;<\/span><\/a><\/p>\n","protected":false},"author":4,"featured_media":0,"comment_status":"closed","ping_status":"closed","sticky":false,"template":"","format":"standard","meta":{"footnotes":""},"categories":[1],"tags":[],"class_list":["post-1235","post","type-post","status-publish","format-standard","hentry","category-verein"],"_links":{"self":[{"href":"https:\/\/www.vfl-grafenwald.de\/index.php?rest_route=\/wp\/v2\/posts\/1235","targetHints":{"allow":["GET"]}}],"collection":[{"href":"https:\/\/www.vfl-grafenwald.de\/index.php?rest_route=\/wp\/v2\/posts"}],"about":[{"href":"https:\/\/www.vfl-grafenwald.de\/index.php?rest_route=\/wp\/v2\/types\/post"}],"author":[{"embeddable":true,"href":"https:\/\/www.vfl-grafenwald.de\/index.php?rest_route=\/wp\/v2\/users\/4"}],"replies":[{"embeddable":true,"href":"https:\/\/www.vfl-grafenwald.de\/index.php?rest_route=%2Fwp%2Fv2%2Fcomments&post=1235"}],"version-history":[{"count":1,"href":"https:\/\/www.vfl-grafenwald.de\/index.php?rest_route=\/wp\/v2\/posts\/1235\/revisions"}],"predecessor-version":[{"id":1236,"href":"https:\/\/www.vfl-grafenwald.de\/index.php?rest_route=\/wp\/v2\/posts\/1235\/revisions\/1236"}],"wp:attachment":[{"href":"https:\/\/www.vfl-grafenwald.de\/index.php?rest_route=%2Fwp%2Fv2%2Fmedia&parent=1235"}],"wp:term":[{"taxonomy":"category","embeddable":true,"href":"https:\/\/www.vfl-grafenwald.de\/index.php?rest_route=%2Fwp%2Fv2%2Fcategories&post=1235"},{"taxonomy":"post_tag","embeddable":true,"href":"https:\/\/www.vfl-grafenwald.de\/index.php?rest_route=%2Fwp%2Fv2%2Ftags&post=1235"}],"curies":[{"name":"wp","href":"https:\/\/api.w.org\/{rel}","templated":true}]}}