{"id":1174,"date":"2015-08-24T11:28:56","date_gmt":"2015-08-24T09:28:56","guid":{"rendered":"http:\/\/www.vfl-grafenwald.de\/?p=1174"},"modified":"2015-08-24T11:31:32","modified_gmt":"2015-08-24T09:31:32","slug":"jugendfussball-a-junioren-im-pokal-ausgeschieden","status":"publish","type":"post","link":"https:\/\/www.vfl-grafenwald.de\/?p=1174","title":{"rendered":"Jugendfu\u00dfball: A-Junioren im Pokal ausgeschieden"},"content":{"rendered":"<p>Der BV Rentfort f\u00fchrte im Waldstadion zur Pause mit 0:3, am Ende mussten sich die W\u00f6ller sogar mit 1:6 geschlagen geben.<\/p>\n<p>Am Sonntag, 30. August steht der Mannschaft von J\u00f6rg Sievers und Sven Kaminski die n\u00e4chste Herausforderung bevor. Unser Kreisliga-A-Aufsteiger spielt beim Meisterschaftsauftakt bei ETuS Bismarck.<\/p>\n","protected":false},"excerpt":{"rendered":"<p>Der BV Rentfort f\u00fchrte im Waldstadion zur Pause mit 0:3, am Ende mussten sich die W\u00f6ller sogar mit 1:6 geschlagen geben. Am Sonntag, 30. August steht der Mannschaft von J\u00f6rg Sievers und Sven Kaminski die n\u00e4chste Herausforderung bevor. Unser Kreisliga-A-Aufsteiger &hellip; <a href=\"https:\/\/www.vfl-grafenwald.de\/?p=1174\">Weiterlesen <span class=\"meta-nav\">&rarr;<\/span><\/a><\/p>\n","protected":false},"author":4,"featured_media":0,"comment_status":"closed","ping_status":"closed","sticky":false,"template":"","format":"standard","meta":{"footnotes":""},"categories":[1],"tags":[],"class_list":["post-1174","post","type-post","status-publish","format-standard","hentry","category-verein"],"_links":{"self":[{"href":"https:\/\/www.vfl-grafenwald.de\/index.php?rest_route=\/wp\/v2\/posts\/1174","targetHints":{"allow":["GET"]}}],"collection":[{"href":"https:\/\/www.vfl-grafenwald.de\/index.php?rest_route=\/wp\/v2\/posts"}],"about":[{"href":"https:\/\/www.vfl-grafenwald.de\/index.php?rest_route=\/wp\/v2\/types\/post"}],"author":[{"embeddable":true,"href":"https:\/\/www.vfl-grafenwald.de\/index.php?rest_route=\/wp\/v2\/users\/4"}],"replies":[{"embeddable":true,"href":"https:\/\/www.vfl-grafenwald.de\/index.php?rest_route=%2Fwp%2Fv2%2Fcomments&post=1174"}],"version-history":[{"count":2,"href":"https:\/\/www.vfl-grafenwald.de\/index.php?rest_route=\/wp\/v2\/posts\/1174\/revisions"}],"predecessor-version":[{"id":1176,"href":"https:\/\/www.vfl-grafenwald.de\/index.php?rest_route=\/wp\/v2\/posts\/1174\/revisions\/1176"}],"wp:attachment":[{"href":"https:\/\/www.vfl-grafenwald.de\/index.php?rest_route=%2Fwp%2Fv2%2Fmedia&parent=1174"}],"wp:term":[{"taxonomy":"category","embeddable":true,"href":"https:\/\/www.vfl-grafenwald.de\/index.php?rest_route=%2Fwp%2Fv2%2Fcategories&post=1174"},{"taxonomy":"post_tag","embeddable":true,"href":"https:\/\/www.vfl-grafenwald.de\/index.php?rest_route=%2Fwp%2Fv2%2Ftags&post=1174"}],"curies":[{"name":"wp","href":"https:\/\/api.w.org\/{rel}","templated":true}]}}