{"id":1165,"date":"2015-08-21T10:14:50","date_gmt":"2015-08-21T08:14:50","guid":{"rendered":"http:\/\/www.vfl-grafenwald.de\/?p=1165"},"modified":"2015-08-21T17:19:38","modified_gmt":"2015-08-21T15:19:38","slug":"woeller-a-jugend-erreicht-2-pokalrunde-nach-elfmeterschiessen","status":"publish","type":"post","link":"https:\/\/www.vfl-grafenwald.de\/?p=1165","title":{"rendered":"W\u00f6ller A-Jugend erreicht 2. Pokalrunde nach Elfmeterschie\u00dfen"},"content":{"rendered":"<p>F.S.M. Gladbeck 2014 e.V. : VfL Grafenwald 2-2 (5-6) nach Elfmeterschie\u00dfen<\/p>\n<p>von J\u00f6rg Sievers<\/p>\n<p>Ein gl\u00fccklicher doch verdienter Sieg der W\u00f6ller in der ersten Pokalrunde. Die W\u00f6ller gerieten durch einen Elfmeter in der 20. Minute in R\u00fcckstand. Doch noch vor der Halbzeit gingen die W\u00f6ller durch Tore von Joel Meis und Lukas Lammerding verdient mit 2-1 in F\u00fchrung. Robin Placzek hielt vor der Halbzeit noch einen Elfmeter. In der zweiten Halbzeit bestimmten die Grafenw\u00e4lder die Partie. Leider mussten sie in der 70. Minute durch einen Konter das 2-2 hinnehmen. So kam es zur Verl\u00e4ngerung, in der sich  die W\u00f6ller konditionell st\u00e4rker pr\u00e4sentierten. Leider belohnte die Mannschaft sich in der regul\u00e4ren Spielzeit nicht. So kam es zum Elfmeterschie\u00dfen. Niklas K\u00f6hl, inzwischen f\u00fcr den verletzten Robin Placzek eingewechselt, hielt zwei Elfmeter.<\/p>\n<p>Nun freuen wir uns auf die zweite Runde und das Derby gegen Rentfort am Sonntag, 23. August, um 11:00 in Grafenwald.<\/p>\n","protected":false},"excerpt":{"rendered":"<p>F.S.M. Gladbeck 2014 e.V. : VfL Grafenwald 2-2 (5-6) nach Elfmeterschie\u00dfen von J\u00f6rg Sievers Ein gl\u00fccklicher doch verdienter Sieg der W\u00f6ller in der ersten Pokalrunde. Die W\u00f6ller gerieten durch einen Elfmeter in der 20. Minute in R\u00fcckstand. Doch noch vor &hellip; <a href=\"https:\/\/www.vfl-grafenwald.de\/?p=1165\">Weiterlesen <span class=\"meta-nav\">&rarr;<\/span><\/a><\/p>\n","protected":false},"author":4,"featured_media":0,"comment_status":"closed","ping_status":"closed","sticky":false,"template":"","format":"standard","meta":{"footnotes":""},"categories":[4,1],"tags":[22],"class_list":["post-1165","post","type-post","status-publish","format-standard","hentry","category-fussball","category-verein","tag-jugend"],"_links":{"self":[{"href":"https:\/\/www.vfl-grafenwald.de\/index.php?rest_route=\/wp\/v2\/posts\/1165","targetHints":{"allow":["GET"]}}],"collection":[{"href":"https:\/\/www.vfl-grafenwald.de\/index.php?rest_route=\/wp\/v2\/posts"}],"about":[{"href":"https:\/\/www.vfl-grafenwald.de\/index.php?rest_route=\/wp\/v2\/types\/post"}],"author":[{"embeddable":true,"href":"https:\/\/www.vfl-grafenwald.de\/index.php?rest_route=\/wp\/v2\/users\/4"}],"replies":[{"embeddable":true,"href":"https:\/\/www.vfl-grafenwald.de\/index.php?rest_route=%2Fwp%2Fv2%2Fcomments&post=1165"}],"version-history":[{"count":1,"href":"https:\/\/www.vfl-grafenwald.de\/index.php?rest_route=\/wp\/v2\/posts\/1165\/revisions"}],"predecessor-version":[{"id":1166,"href":"https:\/\/www.vfl-grafenwald.de\/index.php?rest_route=\/wp\/v2\/posts\/1165\/revisions\/1166"}],"wp:attachment":[{"href":"https:\/\/www.vfl-grafenwald.de\/index.php?rest_route=%2Fwp%2Fv2%2Fmedia&parent=1165"}],"wp:term":[{"taxonomy":"category","embeddable":true,"href":"https:\/\/www.vfl-grafenwald.de\/index.php?rest_route=%2Fwp%2Fv2%2Fcategories&post=1165"},{"taxonomy":"post_tag","embeddable":true,"href":"https:\/\/www.vfl-grafenwald.de\/index.php?rest_route=%2Fwp%2Fv2%2Ftags&post=1165"}],"curies":[{"name":"wp","href":"https:\/\/api.w.org\/{rel}","templated":true}]}}