{"id":113,"date":"2011-12-18T13:01:16","date_gmt":"2011-12-18T11:01:16","guid":{"rendered":"http:\/\/blog.vfl-grafenwald.de\/?p=113"},"modified":"2013-02-26T11:12:11","modified_gmt":"2013-02-26T10:12:11","slug":"gratulation","status":"publish","type":"post","link":"https:\/\/www.vfl-grafenwald.de\/?p=113","title":{"rendered":"Gratulation"},"content":{"rendered":"<p>Wir gratulieren zur bestandenen Pr\u00fcfung:<\/p>\n<ul>\n<li>Natalie Piecha 1. Kup &#8211; <span style=\"color: #ff0000;\">rot<\/span>-schwarz<\/li>\n<li>Lars Griehsel 4. Kup &#8211; <span style=\"color: #0000ff;\">blau<\/span><\/li>\n<li>Daniel Behrend &#8211; 6. Kup <span style=\"color: #008000;\">gr\u00fcn<\/span><\/li>\n<li>Johannes Duckheim &#8211; 8. Kup <span style=\"color: #ffff00;\">gelb<\/span><\/li>\n<\/ul>\n<p>Die Pr\u00fcfer:\u00a0Sin-Kil Yoon,\u00a0Markus Macioszek und Robert Macioszek waren mit den gezeigten Leistungen mehr als zufrieden.<\/p>\n","protected":false},"excerpt":{"rendered":"<p>Wir gratulieren zur bestandenen Pr\u00fcfung: Natalie Piecha 1. Kup &#8211; rot-schwarz Lars Griehsel 4. Kup &#8211; blau Daniel Behrend &#8211; 6. Kup gr\u00fcn Johannes Duckheim &#8211; 8. Kup gelb Die Pr\u00fcfer:\u00a0Sin-Kil Yoon,\u00a0Markus Macioszek und Robert Macioszek waren mit den gezeigten &hellip; <a href=\"https:\/\/www.vfl-grafenwald.de\/?p=113\">Weiterlesen <span class=\"meta-nav\">&rarr;<\/span><\/a><\/p>\n","protected":false},"author":1,"featured_media":0,"comment_status":"closed","ping_status":"open","sticky":false,"template":"","format":"standard","meta":{"footnotes":""},"categories":[3],"tags":[15,14,16],"class_list":["post-113","post","type-post","status-publish","format-standard","hentry","category-kampfsport","tag-grosmeister","tag-gurtelprufung","tag-tkd"],"_links":{"self":[{"href":"https:\/\/www.vfl-grafenwald.de\/index.php?rest_route=\/wp\/v2\/posts\/113","targetHints":{"allow":["GET"]}}],"collection":[{"href":"https:\/\/www.vfl-grafenwald.de\/index.php?rest_route=\/wp\/v2\/posts"}],"about":[{"href":"https:\/\/www.vfl-grafenwald.de\/index.php?rest_route=\/wp\/v2\/types\/post"}],"author":[{"embeddable":true,"href":"https:\/\/www.vfl-grafenwald.de\/index.php?rest_route=\/wp\/v2\/users\/1"}],"replies":[{"embeddable":true,"href":"https:\/\/www.vfl-grafenwald.de\/index.php?rest_route=%2Fwp%2Fv2%2Fcomments&post=113"}],"version-history":[{"count":6,"href":"https:\/\/www.vfl-grafenwald.de\/index.php?rest_route=\/wp\/v2\/posts\/113\/revisions"}],"predecessor-version":[{"id":758,"href":"https:\/\/www.vfl-grafenwald.de\/index.php?rest_route=\/wp\/v2\/posts\/113\/revisions\/758"}],"wp:attachment":[{"href":"https:\/\/www.vfl-grafenwald.de\/index.php?rest_route=%2Fwp%2Fv2%2Fmedia&parent=113"}],"wp:term":[{"taxonomy":"category","embeddable":true,"href":"https:\/\/www.vfl-grafenwald.de\/index.php?rest_route=%2Fwp%2Fv2%2Fcategories&post=113"},{"taxonomy":"post_tag","embeddable":true,"href":"https:\/\/www.vfl-grafenwald.de\/index.php?rest_route=%2Fwp%2Fv2%2Ftags&post=113"}],"curies":[{"name":"wp","href":"https:\/\/api.w.org\/{rel}","templated":true}]}}