{"id":1123,"date":"2015-06-20T21:35:16","date_gmt":"2015-06-20T19:35:16","guid":{"rendered":"http:\/\/www.vfl-grafenwald.de\/?p=1123"},"modified":"2015-06-23T17:40:44","modified_gmt":"2015-06-23T15:40:44","slug":"gratulation-zur-bestandenen-guertelpruefung-3","status":"publish","type":"post","link":"https:\/\/www.vfl-grafenwald.de\/?p=1123","title":{"rendered":"Gratulation zur bestandenen G\u00fcrtelpr\u00fcfung"},"content":{"rendered":"<p>Wir gratulieren zur bestanden G\u00fcrtelpr\u00fcfung:<\/p>\n<div id=\"attachment_1124\" style=\"width: 782px\" class=\"wp-caption aligncenter\"><a href=\"http:\/\/www.vfl-grafenwald.de\/wp-content\/uploads\/2015\/06\/20150620_173100.jpg\"><img loading=\"lazy\" decoding=\"async\" aria-describedby=\"caption-attachment-1124\" class=\"size-full wp-image-1124\" src=\"http:\/\/www.vfl-grafenwald.de\/wp-content\/uploads\/2015\/06\/20150620_173100.jpg\" alt=\"TKD Pr\u00fcfung 20.06.2015\" width=\"772\" height=\"472\" srcset=\"https:\/\/www.vfl-grafenwald.de\/wp-content\/uploads\/2015\/06\/20150620_173100.jpg 772w, https:\/\/www.vfl-grafenwald.de\/wp-content\/uploads\/2015\/06\/20150620_173100-300x183.jpg 300w, https:\/\/www.vfl-grafenwald.de\/wp-content\/uploads\/2015\/06\/20150620_173100-491x300.jpg 491w\" sizes=\"auto, (max-width: 772px) 100vw, 772px\" \/><\/a><p id=\"caption-attachment-1124\" class=\"wp-caption-text\">TKD Pr\u00fcfung 20.06.2015<\/p><\/div>\n<p>&#8211; Johannes Duckheim (3. Kup)<br \/>\n&#8211; Daniel Radyk (4. Kup)<br \/>\n&#8211; Merlin Lampart (4. Kup)<br \/>\n&#8211; Stefanie Doussier (8. Kup)<br \/>\n&#8211; Levi Kramer (8. Kup)<br \/>\n&#8211; Ben Lindner (8. Kup)<br \/>\n&#8211; Lucas Surzyn (9. Kup)<\/p>\n<p>Gepr\u00fcft wurde in den Bereich: Formenlauf, Einschrittkampf, Freikampf, Theorie, Selbstverteidigung sowie Bruchtest. Die Gro\u00dfmeister Sin-Kil Yoon und Robert Macioszek waren mit den gezeigten Leistungen sehr zufrieden. Ein besonderer Dank geht an Dojangmeister Tim Doussier.<\/p>\n","protected":false},"excerpt":{"rendered":"<p>Wir gratulieren zur bestanden G\u00fcrtelpr\u00fcfung: &#8211; Johannes Duckheim (3. Kup) &#8211; Daniel Radyk (4. Kup) &#8211; Merlin Lampart (4. Kup) &#8211; Stefanie Doussier (8. Kup) &#8211; Levi Kramer (8. Kup) &#8211; Ben Lindner (8. Kup) &#8211; Lucas Surzyn (9. Kup) &hellip; <a href=\"https:\/\/www.vfl-grafenwald.de\/?p=1123\">Weiterlesen <span class=\"meta-nav\">&rarr;<\/span><\/a><\/p>\n","protected":false},"author":1,"featured_media":0,"comment_status":"closed","ping_status":"open","sticky":false,"template":"","format":"standard","meta":{"footnotes":""},"categories":[3],"tags":[],"class_list":["post-1123","post","type-post","status-publish","format-standard","hentry","category-kampfsport"],"_links":{"self":[{"href":"https:\/\/www.vfl-grafenwald.de\/index.php?rest_route=\/wp\/v2\/posts\/1123","targetHints":{"allow":["GET"]}}],"collection":[{"href":"https:\/\/www.vfl-grafenwald.de\/index.php?rest_route=\/wp\/v2\/posts"}],"about":[{"href":"https:\/\/www.vfl-grafenwald.de\/index.php?rest_route=\/wp\/v2\/types\/post"}],"author":[{"embeddable":true,"href":"https:\/\/www.vfl-grafenwald.de\/index.php?rest_route=\/wp\/v2\/users\/1"}],"replies":[{"embeddable":true,"href":"https:\/\/www.vfl-grafenwald.de\/index.php?rest_route=%2Fwp%2Fv2%2Fcomments&post=1123"}],"version-history":[{"count":1,"href":"https:\/\/www.vfl-grafenwald.de\/index.php?rest_route=\/wp\/v2\/posts\/1123\/revisions"}],"predecessor-version":[{"id":1125,"href":"https:\/\/www.vfl-grafenwald.de\/index.php?rest_route=\/wp\/v2\/posts\/1123\/revisions\/1125"}],"wp:attachment":[{"href":"https:\/\/www.vfl-grafenwald.de\/index.php?rest_route=%2Fwp%2Fv2%2Fmedia&parent=1123"}],"wp:term":[{"taxonomy":"category","embeddable":true,"href":"https:\/\/www.vfl-grafenwald.de\/index.php?rest_route=%2Fwp%2Fv2%2Fcategories&post=1123"},{"taxonomy":"post_tag","embeddable":true,"href":"https:\/\/www.vfl-grafenwald.de\/index.php?rest_route=%2Fwp%2Fv2%2Ftags&post=1123"}],"curies":[{"name":"wp","href":"https:\/\/api.w.org\/{rel}","templated":true}]}}