{"id":110,"date":"2011-12-13T16:54:09","date_gmt":"2011-12-13T14:54:09","guid":{"rendered":"http:\/\/blog.vfl-grafenwald.de\/?p=110"},"modified":"2013-02-26T11:12:11","modified_gmt":"2013-02-26T10:12:11","slug":"tkd-gurtelprufung","status":"publish","type":"post","link":"https:\/\/www.vfl-grafenwald.de\/?p=110","title":{"rendered":"TKD G\u00fcrtelpr\u00fcfung"},"content":{"rendered":"<p>Die G\u00fcrtelpr\u00fcfung findet am 17.10.2011 um 17:00Uhr in der Turnhalle Grafenwald statt.<\/p>\n","protected":false},"excerpt":{"rendered":"<p>Die G\u00fcrtelpr\u00fcfung findet am 17.10.2011 um 17:00Uhr in der Turnhalle Grafenwald statt.<\/p>\n","protected":false},"author":1,"featured_media":0,"comment_status":"closed","ping_status":"open","sticky":false,"template":"","format":"standard","meta":{"footnotes":""},"categories":[3],"tags":[10],"class_list":["post-110","post","type-post","status-publish","format-standard","hentry","category-kampfsport","tag-tae-kwon-do"],"_links":{"self":[{"href":"https:\/\/www.vfl-grafenwald.de\/index.php?rest_route=\/wp\/v2\/posts\/110","targetHints":{"allow":["GET"]}}],"collection":[{"href":"https:\/\/www.vfl-grafenwald.de\/index.php?rest_route=\/wp\/v2\/posts"}],"about":[{"href":"https:\/\/www.vfl-grafenwald.de\/index.php?rest_route=\/wp\/v2\/types\/post"}],"author":[{"embeddable":true,"href":"https:\/\/www.vfl-grafenwald.de\/index.php?rest_route=\/wp\/v2\/users\/1"}],"replies":[{"embeddable":true,"href":"https:\/\/www.vfl-grafenwald.de\/index.php?rest_route=%2Fwp%2Fv2%2Fcomments&post=110"}],"version-history":[{"count":4,"href":"https:\/\/www.vfl-grafenwald.de\/index.php?rest_route=\/wp\/v2\/posts\/110\/revisions"}],"predecessor-version":[{"id":759,"href":"https:\/\/www.vfl-grafenwald.de\/index.php?rest_route=\/wp\/v2\/posts\/110\/revisions\/759"}],"wp:attachment":[{"href":"https:\/\/www.vfl-grafenwald.de\/index.php?rest_route=%2Fwp%2Fv2%2Fmedia&parent=110"}],"wp:term":[{"taxonomy":"category","embeddable":true,"href":"https:\/\/www.vfl-grafenwald.de\/index.php?rest_route=%2Fwp%2Fv2%2Fcategories&post=110"},{"taxonomy":"post_tag","embeddable":true,"href":"https:\/\/www.vfl-grafenwald.de\/index.php?rest_route=%2Fwp%2Fv2%2Ftags&post=110"}],"curies":[{"name":"wp","href":"https:\/\/api.w.org\/{rel}","templated":true}]}}