{"id":1099,"date":"2015-06-01T12:59:19","date_gmt":"2015-06-01T10:59:19","guid":{"rendered":"http:\/\/www.vfl-grafenwald.de\/?p=1099"},"modified":"2015-06-11T19:21:43","modified_gmt":"2015-06-11T17:21:43","slug":"aufsteiger-aufsteiger-vfl-a-jugend-ist-meister","status":"publish","type":"post","link":"https:\/\/www.vfl-grafenwald.de\/?p=1099","title":{"rendered":"Aufsteiger, Aufsteiger! &#8211; VfL A-Jugend ist Meister"},"content":{"rendered":"<p><a href=\"http:\/\/www.vfl-grafenwald.de\/wp-content\/uploads\/2015\/06\/2015-05-31-VfL-Grafenwald-A-Junioren-Meister-KJL-B.jpg\"><img loading=\"lazy\" decoding=\"async\" src=\"http:\/\/www.vfl-grafenwald.de\/wp-content\/uploads\/2015\/06\/2015-05-31-VfL-Grafenwald-A-Junioren-Meister-KJL-B-300x225.jpg\" alt=\"VfL Grafenwald A-Junioren - Meister KJL B\" width=\"300\" height=\"225\" class=\"alignnone size-medium wp-image-1120\" srcset=\"https:\/\/www.vfl-grafenwald.de\/wp-content\/uploads\/2015\/06\/2015-05-31-VfL-Grafenwald-A-Junioren-Meister-KJL-B-300x225.jpg 300w, https:\/\/www.vfl-grafenwald.de\/wp-content\/uploads\/2015\/06\/2015-05-31-VfL-Grafenwald-A-Junioren-Meister-KJL-B-1024x768.jpg 1024w, https:\/\/www.vfl-grafenwald.de\/wp-content\/uploads\/2015\/06\/2015-05-31-VfL-Grafenwald-A-Junioren-Meister-KJL-B-400x300.jpg 400w\" sizes=\"auto, (max-width: 300px) 100vw, 300px\" \/><\/a><\/p>\n<p>Die A-Jugend des VfL Grafenwald pr\u00e4sentiert sich mit der Meisterschale! Die Spieler von J\u00f6rg Sievers und Sven Kaminski belohnten sich f\u00fcr eine tolle Saison mit der Meisterschaft in der Kreisliga B und dem Aufstieg in die Kreisliga A.<\/p>\n<p>Herzliche Gratulation und viel Spa\u00df und Erfolg in der neuen Liga!<\/p>\n","protected":false},"excerpt":{"rendered":"<p>Die A-Jugend des VfL Grafenwald pr\u00e4sentiert sich mit der Meisterschale! Die Spieler von J\u00f6rg Sievers und Sven Kaminski belohnten sich f\u00fcr eine tolle Saison mit der Meisterschaft in der Kreisliga B und dem Aufstieg in die Kreisliga A. Herzliche Gratulation &hellip; <a href=\"https:\/\/www.vfl-grafenwald.de\/?p=1099\">Weiterlesen <span class=\"meta-nav\">&rarr;<\/span><\/a><\/p>\n","protected":false},"author":4,"featured_media":0,"comment_status":"closed","ping_status":"closed","sticky":false,"template":"","format":"standard","meta":{"footnotes":""},"categories":[4,1],"tags":[22],"class_list":["post-1099","post","type-post","status-publish","format-standard","hentry","category-fussball","category-verein","tag-jugend"],"_links":{"self":[{"href":"https:\/\/www.vfl-grafenwald.de\/index.php?rest_route=\/wp\/v2\/posts\/1099","targetHints":{"allow":["GET"]}}],"collection":[{"href":"https:\/\/www.vfl-grafenwald.de\/index.php?rest_route=\/wp\/v2\/posts"}],"about":[{"href":"https:\/\/www.vfl-grafenwald.de\/index.php?rest_route=\/wp\/v2\/types\/post"}],"author":[{"embeddable":true,"href":"https:\/\/www.vfl-grafenwald.de\/index.php?rest_route=\/wp\/v2\/users\/4"}],"replies":[{"embeddable":true,"href":"https:\/\/www.vfl-grafenwald.de\/index.php?rest_route=%2Fwp%2Fv2%2Fcomments&post=1099"}],"version-history":[{"count":4,"href":"https:\/\/www.vfl-grafenwald.de\/index.php?rest_route=\/wp\/v2\/posts\/1099\/revisions"}],"predecessor-version":[{"id":1119,"href":"https:\/\/www.vfl-grafenwald.de\/index.php?rest_route=\/wp\/v2\/posts\/1099\/revisions\/1119"}],"wp:attachment":[{"href":"https:\/\/www.vfl-grafenwald.de\/index.php?rest_route=%2Fwp%2Fv2%2Fmedia&parent=1099"}],"wp:term":[{"taxonomy":"category","embeddable":true,"href":"https:\/\/www.vfl-grafenwald.de\/index.php?rest_route=%2Fwp%2Fv2%2Fcategories&post=1099"},{"taxonomy":"post_tag","embeddable":true,"href":"https:\/\/www.vfl-grafenwald.de\/index.php?rest_route=%2Fwp%2Fv2%2Ftags&post=1099"}],"curies":[{"name":"wp","href":"https:\/\/api.w.org\/{rel}","templated":true}]}}