{"id":1079,"date":"2015-03-26T11:38:25","date_gmt":"2015-03-26T10:38:25","guid":{"rendered":"http:\/\/www.vfl-grafenwald.de\/?p=1079"},"modified":"2015-03-26T11:48:39","modified_gmt":"2015-03-26T10:48:39","slug":"das-waldgefluester-zum-derby","status":"publish","type":"post","link":"https:\/\/www.vfl-grafenwald.de\/?p=1079","title":{"rendered":"Das Waldgefl\u00fcster zum Derby"},"content":{"rendered":"<p>Am Wochenende liegt das neue Waldgefl\u00fcster in der Printfassung aus. Besonders Neugierige haben die Gelegenheit, schon jetzt hineinzuschauen:<\/p>\n<p><a href=\"http:\/\/www.vfl-grafenwald.de\/?page_id=154\">Waldgefl\u00fcster M\u00e4rz 2015 &#8211; Derbyausgabe<\/a><\/p>\n<p>Viel Spa\u00df beim Lesen und bei den Spielen am Wochende.<\/p>\n<p>Samstag, 28. M\u00e4rz<br \/>\n11 Uhr ETuS Bismarck &#8211; VfL D-Junioren (Kreispokal)<br \/>\n15 Uhr VfL U17-Juniorinnen &#8211; FC Herne 57 (Meisterschaft)<\/p>\n<p>Sonntag, 29. M\u00e4rz<br \/>\n13.15 Uhr Preu\u00dfen Gladbeck III &#8211; VfL Grafenwald III<br \/>\n15 Uhr TSV Feldhausen &#8211; VfL Grafenwald II<br \/>\n15 Uhr FC Kickers \u00dcckendorf 68 &#8211; VfL Grafenwald IV<br \/>\n15 Uhr VfL Grafenwald I &#8211; VfB Kirchhellen I<\/p>\n","protected":false},"excerpt":{"rendered":"<p>Am Wochenende liegt das neue Waldgefl\u00fcster in der Printfassung aus. Besonders Neugierige haben die Gelegenheit, schon jetzt hineinzuschauen: Waldgefl\u00fcster M\u00e4rz 2015 &#8211; Derbyausgabe Viel Spa\u00df beim Lesen und bei den Spielen am Wochende. Samstag, 28. M\u00e4rz 11 Uhr ETuS Bismarck &hellip; <a href=\"https:\/\/www.vfl-grafenwald.de\/?p=1079\">Weiterlesen <span class=\"meta-nav\">&rarr;<\/span><\/a><\/p>\n","protected":false},"author":4,"featured_media":0,"comment_status":"closed","ping_status":"closed","sticky":false,"template":"","format":"standard","meta":{"footnotes":""},"categories":[1],"tags":[],"class_list":["post-1079","post","type-post","status-publish","format-standard","hentry","category-verein"],"_links":{"self":[{"href":"https:\/\/www.vfl-grafenwald.de\/index.php?rest_route=\/wp\/v2\/posts\/1079","targetHints":{"allow":["GET"]}}],"collection":[{"href":"https:\/\/www.vfl-grafenwald.de\/index.php?rest_route=\/wp\/v2\/posts"}],"about":[{"href":"https:\/\/www.vfl-grafenwald.de\/index.php?rest_route=\/wp\/v2\/types\/post"}],"author":[{"embeddable":true,"href":"https:\/\/www.vfl-grafenwald.de\/index.php?rest_route=\/wp\/v2\/users\/4"}],"replies":[{"embeddable":true,"href":"https:\/\/www.vfl-grafenwald.de\/index.php?rest_route=%2Fwp%2Fv2%2Fcomments&post=1079"}],"version-history":[{"count":3,"href":"https:\/\/www.vfl-grafenwald.de\/index.php?rest_route=\/wp\/v2\/posts\/1079\/revisions"}],"predecessor-version":[{"id":1082,"href":"https:\/\/www.vfl-grafenwald.de\/index.php?rest_route=\/wp\/v2\/posts\/1079\/revisions\/1082"}],"wp:attachment":[{"href":"https:\/\/www.vfl-grafenwald.de\/index.php?rest_route=%2Fwp%2Fv2%2Fmedia&parent=1079"}],"wp:term":[{"taxonomy":"category","embeddable":true,"href":"https:\/\/www.vfl-grafenwald.de\/index.php?rest_route=%2Fwp%2Fv2%2Fcategories&post=1079"},{"taxonomy":"post_tag","embeddable":true,"href":"https:\/\/www.vfl-grafenwald.de\/index.php?rest_route=%2Fwp%2Fv2%2Ftags&post=1079"}],"curies":[{"name":"wp","href":"https:\/\/api.w.org\/{rel}","templated":true}]}}