{"id":1063,"date":"2015-02-22T14:15:51","date_gmt":"2015-02-22T13:15:51","guid":{"rendered":"http:\/\/www.vfl-grafenwald.de\/?p=1063"},"modified":"2015-02-22T14:38:50","modified_gmt":"2015-02-22T13:38:50","slug":"fussballjugend-jugendtag-waehlt-fachjugendausschuss","status":"publish","type":"post","link":"https:\/\/www.vfl-grafenwald.de\/?p=1063","title":{"rendered":"Fu\u00dfballjugend: Jugendtag w\u00e4hlt Fachjugendausschuss"},"content":{"rendered":"<p>Die Fu\u00dfballjugend des VfL Grafenwald hat auf seinem Fachjugendtag einen neuen Fachjugendausschuss gew\u00e4hlt.<\/p>\n<p>Der bisherige Jugendwart, Ludger Lanfermann, und der bisherige Kassierer, J\u00f6rg Kolke, stellten sich nicht zur Wiederwahl. Die Fu\u00dfballjugend bedankt sich sehr herzlich f\u00fcr ihr au\u00dferordentliches Engagement in den vergangenen Jahren.<\/p>\n<p>Die Versammlung w\u00e4hlte Birgitt Schuknecht zur Jugendwartin der Abteilung. Die Position des Stellvertreters blieb leider vakant. Mit Norbert Mo\u00df und seinem Stellvertreter Michael Frese wurden die Fachjugendsportwarte wiedergew\u00e4hlt. Nachfolgerin von J\u00f6rg Kolke wurde Christiane Frese.<\/p>\n<p>Julian Kruse, Emilie und Elias Schlautmann wurden zu Jugendsprechern gew\u00e4hlt. Die Jugenddelegierten sind neben den Jugendsprechern Max Ba\u00dfendorf, Robin Placzek, Maximilian Spickenbaum, Darius Dreckmann, Niklas Kruse und Hannah Fockenberg.<\/p>\n<p>Unterst\u00fctzt wird der Fachjugendausschuss von Jens Depel (Trikot), Silvia Ferdinand (Heimspielorganisation), Klaus Sievers (Homepage, Vereinszeitung), Daniela Osenger (Turnierorganisation, Passwesen) und Uli Spickenbaum (Fu\u00dfballcamp).<\/p>\n","protected":false},"excerpt":{"rendered":"<p>Die Fu\u00dfballjugend des VfL Grafenwald hat auf seinem Fachjugendtag einen neuen Fachjugendausschuss gew\u00e4hlt. Der bisherige Jugendwart, Ludger Lanfermann, und der bisherige Kassierer, J\u00f6rg Kolke, stellten sich nicht zur Wiederwahl. Die Fu\u00dfballjugend bedankt sich sehr herzlich f\u00fcr ihr au\u00dferordentliches Engagement in &hellip; <a href=\"https:\/\/www.vfl-grafenwald.de\/?p=1063\">Weiterlesen <span class=\"meta-nav\">&rarr;<\/span><\/a><\/p>\n","protected":false},"author":4,"featured_media":0,"comment_status":"closed","ping_status":"closed","sticky":false,"template":"","format":"standard","meta":{"footnotes":""},"categories":[4,1],"tags":[22],"class_list":["post-1063","post","type-post","status-publish","format-standard","hentry","category-fussball","category-verein","tag-jugend"],"_links":{"self":[{"href":"https:\/\/www.vfl-grafenwald.de\/index.php?rest_route=\/wp\/v2\/posts\/1063","targetHints":{"allow":["GET"]}}],"collection":[{"href":"https:\/\/www.vfl-grafenwald.de\/index.php?rest_route=\/wp\/v2\/posts"}],"about":[{"href":"https:\/\/www.vfl-grafenwald.de\/index.php?rest_route=\/wp\/v2\/types\/post"}],"author":[{"embeddable":true,"href":"https:\/\/www.vfl-grafenwald.de\/index.php?rest_route=\/wp\/v2\/users\/4"}],"replies":[{"embeddable":true,"href":"https:\/\/www.vfl-grafenwald.de\/index.php?rest_route=%2Fwp%2Fv2%2Fcomments&post=1063"}],"version-history":[{"count":3,"href":"https:\/\/www.vfl-grafenwald.de\/index.php?rest_route=\/wp\/v2\/posts\/1063\/revisions"}],"predecessor-version":[{"id":1067,"href":"https:\/\/www.vfl-grafenwald.de\/index.php?rest_route=\/wp\/v2\/posts\/1063\/revisions\/1067"}],"wp:attachment":[{"href":"https:\/\/www.vfl-grafenwald.de\/index.php?rest_route=%2Fwp%2Fv2%2Fmedia&parent=1063"}],"wp:term":[{"taxonomy":"category","embeddable":true,"href":"https:\/\/www.vfl-grafenwald.de\/index.php?rest_route=%2Fwp%2Fv2%2Fcategories&post=1063"},{"taxonomy":"post_tag","embeddable":true,"href":"https:\/\/www.vfl-grafenwald.de\/index.php?rest_route=%2Fwp%2Fv2%2Ftags&post=1063"}],"curies":[{"name":"wp","href":"https:\/\/api.w.org\/{rel}","templated":true}]}}