{"id":1057,"date":"2015-02-18T20:50:13","date_gmt":"2015-02-18T19:50:13","guid":{"rendered":"http:\/\/www.vfl-grafenwald.de\/?p=1057"},"modified":"2015-02-20T17:15:53","modified_gmt":"2015-02-20T16:15:53","slug":"einladung-zur-abteilungsversammlung-fussball","status":"publish","type":"post","link":"https:\/\/www.vfl-grafenwald.de\/?p=1057","title":{"rendered":"Einladung zur Abteilungsversammlung Fu\u00dfball"},"content":{"rendered":"<p>Die Abteilungsversammlung 2015 der Fu\u00dfballabteilung findet am Freitag, 20. M\u00e4rz, im Jugend- und Vereinsheim am Sensenfeld statt. Beginn ist um 19 Uhr. Auf der Tagesordnung stehen unter anderen die Neuwahlen des Vorstandes.<\/p>\n<p><a href=\"http:\/\/www.vfl-grafenwald.de\/wp-content\/uploads\/2015\/02\/Einladung-Plakat_AV_2015.pdf\">Einladung-Plakat_AV_2015<\/a><\/p>\n","protected":false},"excerpt":{"rendered":"<p>Die Abteilungsversammlung 2015 der Fu\u00dfballabteilung findet am Freitag, 20. M\u00e4rz, im Jugend- und Vereinsheim am Sensenfeld statt. Beginn ist um 19 Uhr. Auf der Tagesordnung stehen unter anderen die Neuwahlen des Vorstandes. Einladung-Plakat_AV_2015<\/p>\n","protected":false},"author":4,"featured_media":0,"comment_status":"closed","ping_status":"closed","sticky":false,"template":"","format":"standard","meta":{"footnotes":""},"categories":[4,1],"tags":[],"class_list":["post-1057","post","type-post","status-publish","format-standard","hentry","category-fussball","category-verein"],"_links":{"self":[{"href":"https:\/\/www.vfl-grafenwald.de\/index.php?rest_route=\/wp\/v2\/posts\/1057","targetHints":{"allow":["GET"]}}],"collection":[{"href":"https:\/\/www.vfl-grafenwald.de\/index.php?rest_route=\/wp\/v2\/posts"}],"about":[{"href":"https:\/\/www.vfl-grafenwald.de\/index.php?rest_route=\/wp\/v2\/types\/post"}],"author":[{"embeddable":true,"href":"https:\/\/www.vfl-grafenwald.de\/index.php?rest_route=\/wp\/v2\/users\/4"}],"replies":[{"embeddable":true,"href":"https:\/\/www.vfl-grafenwald.de\/index.php?rest_route=%2Fwp%2Fv2%2Fcomments&post=1057"}],"version-history":[{"count":3,"href":"https:\/\/www.vfl-grafenwald.de\/index.php?rest_route=\/wp\/v2\/posts\/1057\/revisions"}],"predecessor-version":[{"id":1062,"href":"https:\/\/www.vfl-grafenwald.de\/index.php?rest_route=\/wp\/v2\/posts\/1057\/revisions\/1062"}],"wp:attachment":[{"href":"https:\/\/www.vfl-grafenwald.de\/index.php?rest_route=%2Fwp%2Fv2%2Fmedia&parent=1057"}],"wp:term":[{"taxonomy":"category","embeddable":true,"href":"https:\/\/www.vfl-grafenwald.de\/index.php?rest_route=%2Fwp%2Fv2%2Fcategories&post=1057"},{"taxonomy":"post_tag","embeddable":true,"href":"https:\/\/www.vfl-grafenwald.de\/index.php?rest_route=%2Fwp%2Fv2%2Ftags&post=1057"}],"curies":[{"name":"wp","href":"https:\/\/api.w.org\/{rel}","templated":true}]}}