{"id":1022,"date":"2014-12-14T17:14:33","date_gmt":"2014-12-14T16:14:33","guid":{"rendered":"http:\/\/www.vfl-grafenwald.de\/?p=1022"},"modified":"2015-01-09T17:21:06","modified_gmt":"2015-01-09T16:21:06","slug":"gratulation-zur-bestandenen-guertelpruefung-2","status":"publish","type":"post","link":"https:\/\/www.vfl-grafenwald.de\/?p=1022","title":{"rendered":"Gratulation zur bestandenen G\u00fcrtelpr\u00fcfung"},"content":{"rendered":"<p><div id=\"attachment_1021\" style=\"width: 810px\" class=\"wp-caption aligncenter\"><a href=\"http:\/\/www.vfl-grafenwald.de\/wp-content\/uploads\/2015\/01\/pr_2_2014.jpg\"><img loading=\"lazy\" decoding=\"async\" aria-describedby=\"caption-attachment-1021\" src=\"http:\/\/www.vfl-grafenwald.de\/wp-content\/uploads\/2015\/01\/pr_2_2014.jpg\" alt=\"TKD Pr\u00fcfung 13.12.2014\" width=\"800\" height=\"430\" class=\"size-full wp-image-1021\" srcset=\"https:\/\/www.vfl-grafenwald.de\/wp-content\/uploads\/2015\/01\/pr_2_2014.jpg 800w, https:\/\/www.vfl-grafenwald.de\/wp-content\/uploads\/2015\/01\/pr_2_2014-300x161.jpg 300w, https:\/\/www.vfl-grafenwald.de\/wp-content\/uploads\/2015\/01\/pr_2_2014-500x269.jpg 500w\" sizes=\"auto, (max-width: 800px) 100vw, 800px\" \/><\/a><p id=\"caption-attachment-1021\" class=\"wp-caption-text\">TKD Pr\u00fcfung 13.12.2014<\/p><\/div><br \/>\nWir gratulieren zur bestanden G\u00fcrtelpr\u00fcfung!<br \/>\n\u25feNatalie Piecha \u2013 1. DAN<br \/>\n\u25feSebastial Buil \u2013 4. Kup<br \/>\n\u25feJohannes Duckheim \u2013 4. Kup<br \/>\n\u25feJakob Duckheim \u2013 5. Kup<br \/>\n\u25feMerlin Lampart \u2013 5. Kup<br \/>\n\u25feJarno Lampart \u2013 6. Kup<br \/>\n\u25feFlorian Wengerek \u2013 7. Kup<br \/>\n\u25feAlexander Gamza \u2013 8. Kup<\/p>\n<p>Die Gro\u00dfmeister Markus und Robert Macioszek waren mit den Leistungen der Sch\u00fcler mehr als zufrieden. Gepr\u00fcft wurden die Bereiche: Theorie, Grundtechniken, Freikampf, Einschrittkampf, Formenlauf, Selbstverteidiung und Bruchtest. Ein besonderer Dank gilt Dojangmeister Tim Doussier und Thorben Bernatzki f\u00fcr die Begleitung und Vorbereitung der Pr\u00fcfung.<\/p>\n","protected":false},"excerpt":{"rendered":"<p>Wir gratulieren zur bestanden G\u00fcrtelpr\u00fcfung! \u25feNatalie Piecha \u2013 1. DAN \u25feSebastial Buil \u2013 4. Kup \u25feJohannes Duckheim \u2013 4. Kup \u25feJakob Duckheim \u2013 5. Kup \u25feMerlin Lampart \u2013 5. Kup \u25feJarno Lampart \u2013 6. Kup \u25feFlorian Wengerek \u2013 7. Kup &hellip; <a href=\"https:\/\/www.vfl-grafenwald.de\/?p=1022\">Weiterlesen <span class=\"meta-nav\">&rarr;<\/span><\/a><\/p>\n","protected":false},"author":1,"featured_media":0,"comment_status":"closed","ping_status":"closed","sticky":false,"template":"","format":"standard","meta":{"footnotes":""},"categories":[3],"tags":[14,16],"class_list":["post-1022","post","type-post","status-publish","format-standard","hentry","category-kampfsport","tag-gurtelprufung","tag-tkd"],"_links":{"self":[{"href":"https:\/\/www.vfl-grafenwald.de\/index.php?rest_route=\/wp\/v2\/posts\/1022","targetHints":{"allow":["GET"]}}],"collection":[{"href":"https:\/\/www.vfl-grafenwald.de\/index.php?rest_route=\/wp\/v2\/posts"}],"about":[{"href":"https:\/\/www.vfl-grafenwald.de\/index.php?rest_route=\/wp\/v2\/types\/post"}],"author":[{"embeddable":true,"href":"https:\/\/www.vfl-grafenwald.de\/index.php?rest_route=\/wp\/v2\/users\/1"}],"replies":[{"embeddable":true,"href":"https:\/\/www.vfl-grafenwald.de\/index.php?rest_route=%2Fwp%2Fv2%2Fcomments&post=1022"}],"version-history":[{"count":1,"href":"https:\/\/www.vfl-grafenwald.de\/index.php?rest_route=\/wp\/v2\/posts\/1022\/revisions"}],"predecessor-version":[{"id":1023,"href":"https:\/\/www.vfl-grafenwald.de\/index.php?rest_route=\/wp\/v2\/posts\/1022\/revisions\/1023"}],"wp:attachment":[{"href":"https:\/\/www.vfl-grafenwald.de\/index.php?rest_route=%2Fwp%2Fv2%2Fmedia&parent=1022"}],"wp:term":[{"taxonomy":"category","embeddable":true,"href":"https:\/\/www.vfl-grafenwald.de\/index.php?rest_route=%2Fwp%2Fv2%2Fcategories&post=1022"},{"taxonomy":"post_tag","embeddable":true,"href":"https:\/\/www.vfl-grafenwald.de\/index.php?rest_route=%2Fwp%2Fv2%2Ftags&post=1022"}],"curies":[{"name":"wp","href":"https:\/\/api.w.org\/{rel}","templated":true}]}}